{"id":27957,"date":"2021-12-08T10:34:10","date_gmt":"2021-12-08T13:34:10","guid":{"rendered":"http:\/\/duraznohoy.com\/?p=27957"},"modified":"2021-12-08T10:34:10","modified_gmt":"2021-12-08T13:34:10","slug":"comenzaron-talleres","status":"publish","type":"post","link":"https:\/\/duraznohoy.com\/?p=27957","title":{"rendered":"Comenzaron talleres."},"content":{"rendered":"<p><strong>Dieron comienzo\u00a0 los Talleres para la empleabilidad en Casa de Cultura, impulsados por Oficina de la Juventud, Inju y Fundaci\u00f3n Upm. <\/strong><\/p>\n<p>Dictados por el Instituto Vi\u00f1ales en dos turnos, en la ma\u00f1ana y en la tarde los d\u00edas lunes y mi\u00e9rcoles con un cupo de 25 alumnos. <\/p>\n","protected":false},"excerpt":{"rendered":"<p>Dieron comienzo\u00a0 los Talleres para la empleabilidad en Casa de Cultura, impulsados por Oficina de&#8230;<\/p>\n","protected":false},"author":2,"featured_media":27958,"comment_status":"closed","ping_status":"closed","sticky":false,"template":"","format":"standard","meta":{"footnotes":"","jetpack_publicize_message":"{title}\n\n{excerpt}\n\n{url}","jetpack_publicize_feature_enabled":true,"jetpack_social_post_already_shared":true,"jetpack_social_options":{"image_generator_settings":{"template":"fullscreen","default_image_id":0,"font":"","enabled":false},"version":2},"_wpas_customize_per_network":false},"categories":[8],"tags":[],"class_list":["post-27957","post","type-post","status-publish","format-standard","has-post-thumbnail","hentry","category-educacion"],"jetpack_publicize_connections":[],"_links":{"self":[{"href":"https:\/\/duraznohoy.com\/index.php?rest_route=\/wp\/v2\/posts\/27957","targetHints":{"allow":["GET"]}}],"collection":[{"href":"https:\/\/duraznohoy.com\/index.php?rest_route=\/wp\/v2\/posts"}],"about":[{"href":"https:\/\/duraznohoy.com\/index.php?rest_route=\/wp\/v2\/types\/post"}],"author":[{"embeddable":true,"href":"https:\/\/duraznohoy.com\/index.php?rest_route=\/wp\/v2\/users\/2"}],"replies":[{"embeddable":true,"href":"https:\/\/duraznohoy.com\/index.php?rest_route=%2Fwp%2Fv2%2Fcomments&post=27957"}],"version-history":[{"count":0,"href":"https:\/\/duraznohoy.com\/index.php?rest_route=\/wp\/v2\/posts\/27957\/revisions"}],"wp:featuredmedia":[{"embeddable":true,"href":"https:\/\/duraznohoy.com\/index.php?rest_route=\/wp\/v2\/media\/27958"}],"wp:attachment":[{"href":"https:\/\/duraznohoy.com\/index.php?rest_route=%2Fwp%2Fv2%2Fmedia&parent=27957"}],"wp:term":[{"taxonomy":"category","embeddable":true,"href":"https:\/\/duraznohoy.com\/index.php?rest_route=%2Fwp%2Fv2%2Fcategories&post=27957"},{"taxonomy":"post_tag","embeddable":true,"href":"https:\/\/duraznohoy.com\/index.php?rest_route=%2Fwp%2Fv2%2Ftags&post=27957"}],"curies":[{"name":"wp","href":"https:\/\/api.w.org\/{rel}","templated":true}]}}