{"id":27964,"date":"2021-12-08T11:10:27","date_gmt":"2021-12-08T14:10:27","guid":{"rendered":"http:\/\/duraznohoy.com\/?p=27964"},"modified":"2021-12-08T11:10:27","modified_gmt":"2021-12-08T14:10:27","slug":"un-gigante-de-155-metros","status":"publish","type":"post","link":"https:\/\/duraznohoy.com\/?p=27964","title":{"rendered":"\u00a0Un gigante de 155 metros."},"content":{"rendered":"<p><strong>Qued\u00f3 ensamblada y operativa en UPM 2,\u00a0 una gr\u00faa r\u00e9cord en Uruguay de 155 metros de altura, 1350 toneladas de capacidad y un alcance de 60 metros de radio de operaci\u00f3n.<\/strong><\/p>\n<p>La denominada LR11350 no solo marca un hito en la industria de la construcci\u00f3n nacional por ser la de mayor porte jam\u00e1s instalada, sino que es actualmente la \u00fanica gr\u00faa de estas caracter\u00edsticas operativa en territorio sudamericano y, al mismo tiempo, una de las gr\u00faas m\u00e1s grandes del mundo en t\u00e9rminos de dimensiones y capacidad.<\/p>\n<p><strong><em><img loading=\"lazy\" decoding=\"async\" class=\" wp-image-27966 alignright\" src=\"https:\/\/duraznohoy.com\/wp-content\/uploads\/2021\/12\/grua2-300x200.jpg\" alt=\"\" width=\"267\" height=\"178\" srcset=\"https:\/\/duraznohoy.com\/wp-content\/uploads\/2021\/12\/grua2-300x200.jpg 300w, https:\/\/duraznohoy.com\/wp-content\/uploads\/2021\/12\/grua2.jpg 713w\" sizes=\"auto, (max-width: 267px) 100vw, 267px\" \/>\u00a0\u201cComparativamente, es similar a la altura que tiene la torre de las telecomunicaciones, de 158 metros, e incluso de mayor dimensi\u00f3n que las torres del World Trade Center, de 126 metros, o el hist\u00f3rico Palacio Salvo de 115 metros\u201d<\/em><\/strong> relata <strong>Mar\u00eda Ribeiro<\/strong>, quien es Coordinadora del equipo de Servicio de Gr\u00faas de la nueva planta de UPM y se incorpor\u00f3 al proyecto en 2020.<\/p>\n<p>El nuevo integrante de la obra tendr\u00e1 la misi\u00f3n de realizar la instalaci\u00f3n de m\u00e1s de 200 componentes de la estructura de soporte como del cuerpo de presi\u00f3n pertenecientes al conjunto de partes mec\u00e1nicas que conforman el edificio de la caldera, incluido una de las piezas m\u00e1s ic\u00f3nicas del proyecto como el domo de vapor con un peso de 267 toneladas que se izar\u00e1 por encima de los 80 metros de altura y a una distancia de 52 metros de radio. <strong><em>\u201cLa llegada de una gr\u00faa de estas dimensiones al proyecto fue complejo a nivel log\u00edstico, tanto en la operativa de traslado como en la fase de montaje, pero nos desafi\u00f3 a desarrollar conocimientos y capacidades de todo equipo humano que estuvo detr\u00e1s de la operaci\u00f3n\u201d,<\/em><\/strong> cuenta Mar\u00eda sobre la gr\u00faa que requiri\u00f3 70 viajes para su traslado a la planta, 28 de ellos de gran porte. Su transporte e instalaci\u00f3n llev\u00f3 dos semanas de trabajo de campo, m\u00e1s meses de planificaci\u00f3n y coordinaci\u00f3n de log\u00edstica e ingenier\u00eda entre empresas. <\/p>\n","protected":false},"excerpt":{"rendered":"<p>Qued\u00f3 ensamblada y operativa en UPM 2,\u00a0 una gr\u00faa r\u00e9cord en Uruguay de 155 metros&#8230;<\/p>\n","protected":false},"author":2,"featured_media":27967,"comment_status":"closed","ping_status":"closed","sticky":false,"template":"","format":"standard","meta":{"footnotes":"","jetpack_publicize_message":"{title}\n\n{excerpt}\n\n{url}","jetpack_publicize_feature_enabled":true,"jetpack_social_post_already_shared":true,"jetpack_social_options":{"image_generator_settings":{"template":"fullscreen","default_image_id":0,"font":"","enabled":false},"version":2},"_wpas_customize_per_network":false},"categories":[33,37],"tags":[],"class_list":["post-27964","post","type-post","status-publish","format-standard","has-post-thumbnail","hentry","category-actualidad","category-trabajo"],"jetpack_publicize_connections":[],"_links":{"self":[{"href":"https:\/\/duraznohoy.com\/index.php?rest_route=\/wp\/v2\/posts\/27964","targetHints":{"allow":["GET"]}}],"collection":[{"href":"https:\/\/duraznohoy.com\/index.php?rest_route=\/wp\/v2\/posts"}],"about":[{"href":"https:\/\/duraznohoy.com\/index.php?rest_route=\/wp\/v2\/types\/post"}],"author":[{"embeddable":true,"href":"https:\/\/duraznohoy.com\/index.php?rest_route=\/wp\/v2\/users\/2"}],"replies":[{"embeddable":true,"href":"https:\/\/duraznohoy.com\/index.php?rest_route=%2Fwp%2Fv2%2Fcomments&post=27964"}],"version-history":[{"count":0,"href":"https:\/\/duraznohoy.com\/index.php?rest_route=\/wp\/v2\/posts\/27964\/revisions"}],"wp:featuredmedia":[{"embeddable":true,"href":"https:\/\/duraznohoy.com\/index.php?rest_route=\/wp\/v2\/media\/27967"}],"wp:attachment":[{"href":"https:\/\/duraznohoy.com\/index.php?rest_route=%2Fwp%2Fv2%2Fmedia&parent=27964"}],"wp:term":[{"taxonomy":"category","embeddable":true,"href":"https:\/\/duraznohoy.com\/index.php?rest_route=%2Fwp%2Fv2%2Fcategories&post=27964"},{"taxonomy":"post_tag","embeddable":true,"href":"https:\/\/duraznohoy.com\/index.php?rest_route=%2Fwp%2Fv2%2Ftags&post=27964"}],"curies":[{"name":"wp","href":"https:\/\/api.w.org\/{rel}","templated":true}]}}