{"id":27969,"date":"2021-12-08T12:20:31","date_gmt":"2021-12-08T15:20:31","guid":{"rendered":"http:\/\/duraznohoy.com\/?p=27969"},"modified":"2021-12-08T12:20:31","modified_gmt":"2021-12-08T15:20:31","slug":"taller-en-el-carmen","status":"publish","type":"post","link":"https:\/\/duraznohoy.com\/?p=27969","title":{"rendered":"Taller en el Carmen."},"content":{"rendered":"<p><strong><img loading=\"lazy\" decoding=\"async\" class=\"size-medium wp-image-27971 alignright\" src=\"https:\/\/duraznohoy.com\/wp-content\/uploads\/2021\/12\/CAMEDUR-TALLER-300x200.jpg\" alt=\"\" width=\"300\" height=\"200\" srcset=\"https:\/\/duraznohoy.com\/wp-content\/uploads\/2021\/12\/CAMEDUR-TALLER-300x200.jpg 300w, https:\/\/duraznohoy.com\/wp-content\/uploads\/2021\/12\/CAMEDUR-TALLER.jpg 640w\" sizes=\"auto, (max-width: 300px) 100vw, 300px\" \/>Se realiz\u00f3 el Taller de \u00abUn trato por un buen trato\u00bb, en Villa del Carmen, actividad que fue organizada por el Equipo de Seguimiento Adolescente de CAMEDUR y la Oficina de la Juventud.<\/strong><\/p>\n<p>Con presencia de numerosos con adolescentes, se efectu\u00f3 en el Liceo de la localidad.<\/p>\n<p>Se trata del \u00faltimo Taller de estas caracter\u00edsticas que se ha venido cumpliendo en todo el departamento.<\/p>\n<p>Debido al \u00e9xito obtenido por los mismos, ya se est\u00e1 trabajando para cumplir talleres similares en el a\u00f1o 2022. <\/p>\n","protected":false},"excerpt":{"rendered":"<p>Se realiz\u00f3 el Taller de \u00abUn trato por un buen trato\u00bb, en Villa del Carmen,&#8230;<\/p>\n","protected":false},"author":2,"featured_media":27970,"comment_status":"closed","ping_status":"closed","sticky":false,"template":"","format":"standard","meta":{"footnotes":"","jetpack_publicize_message":"{title}\n\n{excerpt}\n\n{url}","jetpack_publicize_feature_enabled":true,"jetpack_social_post_already_shared":true,"jetpack_social_options":{"image_generator_settings":{"template":"fullscreen","default_image_id":0,"font":"","enabled":false},"version":2},"_wpas_customize_per_network":false},"categories":[33,32],"tags":[],"class_list":["post-27969","post","type-post","status-publish","format-standard","has-post-thumbnail","hentry","category-actualidad","category-salud"],"jetpack_publicize_connections":[],"_links":{"self":[{"href":"https:\/\/duraznohoy.com\/index.php?rest_route=\/wp\/v2\/posts\/27969","targetHints":{"allow":["GET"]}}],"collection":[{"href":"https:\/\/duraznohoy.com\/index.php?rest_route=\/wp\/v2\/posts"}],"about":[{"href":"https:\/\/duraznohoy.com\/index.php?rest_route=\/wp\/v2\/types\/post"}],"author":[{"embeddable":true,"href":"https:\/\/duraznohoy.com\/index.php?rest_route=\/wp\/v2\/users\/2"}],"replies":[{"embeddable":true,"href":"https:\/\/duraznohoy.com\/index.php?rest_route=%2Fwp%2Fv2%2Fcomments&post=27969"}],"version-history":[{"count":0,"href":"https:\/\/duraznohoy.com\/index.php?rest_route=\/wp\/v2\/posts\/27969\/revisions"}],"wp:featuredmedia":[{"embeddable":true,"href":"https:\/\/duraznohoy.com\/index.php?rest_route=\/wp\/v2\/media\/27970"}],"wp:attachment":[{"href":"https:\/\/duraznohoy.com\/index.php?rest_route=%2Fwp%2Fv2%2Fmedia&parent=27969"}],"wp:term":[{"taxonomy":"category","embeddable":true,"href":"https:\/\/duraznohoy.com\/index.php?rest_route=%2Fwp%2Fv2%2Fcategories&post=27969"},{"taxonomy":"post_tag","embeddable":true,"href":"https:\/\/duraznohoy.com\/index.php?rest_route=%2Fwp%2Fv2%2Ftags&post=27969"}],"curies":[{"name":"wp","href":"https:\/\/api.w.org\/{rel}","templated":true}]}}