{"id":27973,"date":"2021-12-08T13:42:06","date_gmt":"2021-12-08T16:42:06","guid":{"rendered":"http:\/\/duraznohoy.com\/?p=27973"},"modified":"2021-12-08T13:42:06","modified_gmt":"2021-12-08T16:42:06","slug":"choco-contra-un-camion-al-cruzar-la-ruta","status":"publish","type":"post","link":"https:\/\/duraznohoy.com\/?p=27973","title":{"rendered":"Choc\u00f3 contra un cami\u00f3n al cruzar la ruta."},"content":{"rendered":"<p><strong>El conductor de una moto tras chocar anoche contra un cami\u00f3n semirremolque, se encuentra en grave estado.<\/strong><\/p>\n<p>Seg\u00fan la informaci\u00f3n primaria que aportan los colegas de Telenoticias Canal 8, el accidente se produjo unos minutos despu\u00e9s de la una de la madrugada de este mi\u00e9rcoles en el cruce de Gallinal sobre la Ruta 5.<\/p>\n<p>A esa hora, no funcionan los sem\u00e1foros y el motociclista cruz\u00f3 ruta 5 de este a oeste, sin percatarse que, por esta hacia el sur, circulaba un cami\u00f3n con semirremolque, impactando violentamente en la parte frontal lateral del pesado rodado, seg\u00fan lo inform\u00f3 Polic\u00eda Caminera.<\/p>\n<p>C\u00f3mo consecuencia de la colisi\u00f3n \u2013 agregan los colegas &#8211; el motociclista experiment\u00f3 graves lesiones, siendo trasladado al Sanatorio de Camedur, siendo su estado de salud muy delicado, por los graves traumatismos que recibi\u00f3 en la cabeza y miembros inferiores.<\/p>\n<p>El conductor del cami\u00f3n result\u00f3 ileso y la espirometr\u00eda dio cero.<\/p>\n<p>En el hecho se hicieron presentes, efectivos de la Seccional Primera, un m\u00f3vil de Caminera y Polic\u00eda Cient\u00edfica quien realiz\u00f3 el peritaje del lugar.<\/p>\n<p>Enterada la justicia, la Dra. B\u00e1rbara Zapater dispuso acta voluntaria al conductor del cami\u00f3n, Polic\u00eda cient\u00edfica, pericia del cami\u00f3n y moto, examen toxicol\u00f3gico al conductor del cami\u00f3n, y al conductor de la moto, Im\u00e1genes de c\u00e1maras de la zona, emplazamiento sin fecha del conductor del cami\u00f3n y fijaci\u00f3n de domicilio, recabar comunicaciones radiales, y se eleve el informe m\u00e9dico.<\/p>\n<p>&nbsp;<\/p>\n<p>&nbsp; <\/p>\n","protected":false},"excerpt":{"rendered":"<p>El conductor de una moto tras chocar anoche contra un cami\u00f3n semirremolque, se encuentra en&#8230;<\/p>\n","protected":false},"author":2,"featured_media":27974,"comment_status":"closed","ping_status":"closed","sticky":false,"template":"","format":"standard","meta":{"footnotes":"","jetpack_publicize_message":"{title}\n\n{excerpt}\n\n{url}","jetpack_publicize_feature_enabled":true,"jetpack_social_post_already_shared":true,"jetpack_social_options":{"image_generator_settings":{"template":"fullscreen","default_image_id":0,"font":"","enabled":false},"version":2},"_wpas_customize_per_network":false},"categories":[21],"tags":[],"class_list":["post-27973","post","type-post","status-publish","format-standard","has-post-thumbnail","hentry","category-policiales"],"jetpack_publicize_connections":[],"_links":{"self":[{"href":"https:\/\/duraznohoy.com\/index.php?rest_route=\/wp\/v2\/posts\/27973","targetHints":{"allow":["GET"]}}],"collection":[{"href":"https:\/\/duraznohoy.com\/index.php?rest_route=\/wp\/v2\/posts"}],"about":[{"href":"https:\/\/duraznohoy.com\/index.php?rest_route=\/wp\/v2\/types\/post"}],"author":[{"embeddable":true,"href":"https:\/\/duraznohoy.com\/index.php?rest_route=\/wp\/v2\/users\/2"}],"replies":[{"embeddable":true,"href":"https:\/\/duraznohoy.com\/index.php?rest_route=%2Fwp%2Fv2%2Fcomments&post=27973"}],"version-history":[{"count":0,"href":"https:\/\/duraznohoy.com\/index.php?rest_route=\/wp\/v2\/posts\/27973\/revisions"}],"wp:featuredmedia":[{"embeddable":true,"href":"https:\/\/duraznohoy.com\/index.php?rest_route=\/wp\/v2\/media\/27974"}],"wp:attachment":[{"href":"https:\/\/duraznohoy.com\/index.php?rest_route=%2Fwp%2Fv2%2Fmedia&parent=27973"}],"wp:term":[{"taxonomy":"category","embeddable":true,"href":"https:\/\/duraznohoy.com\/index.php?rest_route=%2Fwp%2Fv2%2Fcategories&post=27973"},{"taxonomy":"post_tag","embeddable":true,"href":"https:\/\/duraznohoy.com\/index.php?rest_route=%2Fwp%2Fv2%2Ftags&post=27973"}],"curies":[{"name":"wp","href":"https:\/\/api.w.org\/{rel}","templated":true}]}}