{"id":27977,"date":"2021-12-08T13:54:20","date_gmt":"2021-12-08T16:54:20","guid":{"rendered":"http:\/\/duraznohoy.com\/?p=27977"},"modified":"2021-12-08T17:46:28","modified_gmt":"2021-12-08T20:46:28","slug":"decidira-la-gente","status":"publish","type":"post","link":"https:\/\/duraznohoy.com\/?p=27977","title":{"rendered":"Decidir\u00e1 la gente."},"content":{"rendered":"<p><strong>Despu\u00e9s de cinco meses de trabajo, la Corte Electoral finalmente valid\u00f3 este mi\u00e9rcoles un total de 671.600 firmas de las presentadas el pasado 8 de julio y en 2022 habr\u00e1 refer\u00e9ndum contra 135 art\u00edculos de la Ley de Urgente Consideraci\u00f3n.<\/strong><\/p>\n<p>Alcanzadas las firmas necesarias, la Corte Electoral dejar\u00e1 de contar y deber\u00e1 notificar una sentencia para declarar que se hizo lugar al recurso de refer\u00e9ndum, al haber alcanzado el 25% del padr\u00f3n electoral.<\/p>\n<p><img loading=\"lazy\" decoding=\"async\" class=\" wp-image-27989 alignright\" src=\"https:\/\/duraznohoy.com\/wp-content\/uploads\/2021\/12\/caravana-refe-300x300.jpg\" alt=\"\" width=\"267\" height=\"267\" srcset=\"https:\/\/duraznohoy.com\/wp-content\/uploads\/2021\/12\/caravana-refe-300x300.jpg 300w, https:\/\/duraznohoy.com\/wp-content\/uploads\/2021\/12\/caravana-refe-150x150.jpg 150w, https:\/\/duraznohoy.com\/wp-content\/uploads\/2021\/12\/caravana-refe.jpg 693w\" sizes=\"auto, (max-width: 267px) 100vw, 267px\" \/>El 8 de julio pasado la Comisi\u00f3n Nacional Pro Refer\u00e9ndum entreg\u00f3 al organismo 796.526 firmas.<\/p>\n<p>La fecha para el refer\u00e9ndum deber\u00e1 ser fijada dentro de los 120 d\u00edas corridos, por lo que probablemente la elecci\u00f3n para derogar esos art\u00edculos se votar\u00e1 en marzo o abril de 2022.<\/p>\n<p>Las autoridades de la Corte Electoral mantienen una reuni\u00f3n sobre el mediod\u00eda de este mi\u00e9rcoles.<\/p>\n<p>La dirigencia local pro-referendum est\u00e1 convocando a una caravana para hoy mi\u00e9rcoles desde las 19.00 horas.<\/p>\n<div class=\"twitter-tweet twitter-tweet-rendered\"><\/div>\n","protected":false},"excerpt":{"rendered":"<p>Despu\u00e9s de cinco meses de trabajo, la Corte Electoral finalmente valid\u00f3 este mi\u00e9rcoles un total&#8230;<\/p>\n","protected":false},"author":2,"featured_media":27979,"comment_status":"closed","ping_status":"closed","sticky":false,"template":"","format":"standard","meta":{"footnotes":"","jetpack_publicize_message":"{title}\n\n{excerpt}\n\n{url}","jetpack_publicize_feature_enabled":true,"jetpack_social_post_already_shared":true,"jetpack_social_options":{"image_generator_settings":{"template":"fullscreen","default_image_id":0,"font":"","enabled":false},"version":2},"_wpas_customize_per_network":false},"categories":[33,5],"tags":[],"class_list":["post-27977","post","type-post","status-publish","format-standard","has-post-thumbnail","hentry","category-actualidad","category-politica"],"jetpack_publicize_connections":[],"_links":{"self":[{"href":"https:\/\/duraznohoy.com\/index.php?rest_route=\/wp\/v2\/posts\/27977","targetHints":{"allow":["GET"]}}],"collection":[{"href":"https:\/\/duraznohoy.com\/index.php?rest_route=\/wp\/v2\/posts"}],"about":[{"href":"https:\/\/duraznohoy.com\/index.php?rest_route=\/wp\/v2\/types\/post"}],"author":[{"embeddable":true,"href":"https:\/\/duraznohoy.com\/index.php?rest_route=\/wp\/v2\/users\/2"}],"replies":[{"embeddable":true,"href":"https:\/\/duraznohoy.com\/index.php?rest_route=%2Fwp%2Fv2%2Fcomments&post=27977"}],"version-history":[{"count":0,"href":"https:\/\/duraznohoy.com\/index.php?rest_route=\/wp\/v2\/posts\/27977\/revisions"}],"wp:featuredmedia":[{"embeddable":true,"href":"https:\/\/duraznohoy.com\/index.php?rest_route=\/wp\/v2\/media\/27979"}],"wp:attachment":[{"href":"https:\/\/duraznohoy.com\/index.php?rest_route=%2Fwp%2Fv2%2Fmedia&parent=27977"}],"wp:term":[{"taxonomy":"category","embeddable":true,"href":"https:\/\/duraznohoy.com\/index.php?rest_route=%2Fwp%2Fv2%2Fcategories&post=27977"},{"taxonomy":"post_tag","embeddable":true,"href":"https:\/\/duraznohoy.com\/index.php?rest_route=%2Fwp%2Fv2%2Ftags&post=27977"}],"curies":[{"name":"wp","href":"https:\/\/api.w.org\/{rel}","templated":true}]}}