{"id":27984,"date":"2021-12-08T17:41:18","date_gmt":"2021-12-08T20:41:18","guid":{"rendered":"http:\/\/duraznohoy.com\/?p=27984"},"modified":"2021-12-08T17:41:18","modified_gmt":"2021-12-08T20:41:18","slug":"culmino-reunion-de-centros-coordinadores-de-emergencias","status":"publish","type":"post","link":"https:\/\/duraznohoy.com\/?p=27984","title":{"rendered":"Culmin\u00f3 reuni\u00f3n de Centros Coordinadores de Emergencias."},"content":{"rendered":"<p><strong><img loading=\"lazy\" decoding=\"async\" class=\" wp-image-27986 alignleft\" src=\"https:\/\/duraznohoy.com\/wp-content\/uploads\/2021\/12\/COMITE-CONGRESO2-300x177.jpg\" alt=\"\" width=\"259\" height=\"153\" srcset=\"https:\/\/duraznohoy.com\/wp-content\/uploads\/2021\/12\/COMITE-CONGRESO2-300x177.jpg 300w, https:\/\/duraznohoy.com\/wp-content\/uploads\/2021\/12\/COMITE-CONGRESO2.jpg 727w\" sizes=\"auto, (max-width: 259px) 100vw, 259px\" \/>Este mi\u00e9rcoles culmin\u00f3 en la ciudad de Durazno el primer congreso nacional de Centros Coordinadores de Emergencias Departamentales (CECOED).<\/strong><\/p>\n<p>La instancia presencial se desarroll\u00f3 en la sala Juan Antonio Lavalleja, aunque es oportuno se\u00f1alar que durante los d\u00edas lunes 6 y martes 7, en forma virtual se cumplieron varias instancias de este encuentro.<\/p>\n<p>La apertura de esta \u00faltima jornada cont\u00f3 con las palabras del coordinador del CECOED de Durazno, <strong>Flavio Scot<\/strong>, el Intendente de Durazno, presidente del Comit\u00e9 Departamental de Emergencias y presidente del Congreso de Intendentes <strong>Lic. Carmelo Vidal\u00edn<\/strong>, <strong>Cnel. Mag\u00edster Sergio Rico<\/strong>, director nacional del SINAE y\u00a0<strong>Nahuel Arenas<\/strong>, jefe Adjunto de la Oficina Regional para las Am\u00e9ricas y el Caribe de la Oficina de las Naciones Unidas para la Reducci\u00f3n del Riesgo de Desastres.<\/p>\n<p>Durante el transcurso de este congreso varios han sido los temas abordados, entre ellos se ha destacado: Derrame de sustancias peligrosas, Eventos meteorol\u00f3gicos adversos, Inundaci\u00f3n y d\u00e9ficit h\u00eddrico, Incendios forestales y de campo,\u00a0el proyecto \u201cCiudades resilientes\u201d y la iniciativa \u201cARISE\u201d para involucrar al sector privado en la gesti\u00f3n integral del riesgo.<\/p>\n<p><em>Fotos: Prensa Intendencia de Durazno.-<\/em> <\/p>\n","protected":false},"excerpt":{"rendered":"<p>Este mi\u00e9rcoles culmin\u00f3 en la ciudad de Durazno el primer congreso nacional de Centros Coordinadores&#8230;<\/p>\n","protected":false},"author":2,"featured_media":27985,"comment_status":"closed","ping_status":"closed","sticky":false,"template":"","format":"standard","meta":{"footnotes":"","jetpack_publicize_message":"{title}\n\n{excerpt}\n\n{url}","jetpack_publicize_feature_enabled":true,"jetpack_social_post_already_shared":true,"jetpack_social_options":{"image_generator_settings":{"template":"fullscreen","default_image_id":0,"font":"","enabled":false},"version":2},"_wpas_customize_per_network":false},"categories":[33],"tags":[],"class_list":["post-27984","post","type-post","status-publish","format-standard","has-post-thumbnail","hentry","category-actualidad"],"jetpack_publicize_connections":[],"_links":{"self":[{"href":"https:\/\/duraznohoy.com\/index.php?rest_route=\/wp\/v2\/posts\/27984","targetHints":{"allow":["GET"]}}],"collection":[{"href":"https:\/\/duraznohoy.com\/index.php?rest_route=\/wp\/v2\/posts"}],"about":[{"href":"https:\/\/duraznohoy.com\/index.php?rest_route=\/wp\/v2\/types\/post"}],"author":[{"embeddable":true,"href":"https:\/\/duraznohoy.com\/index.php?rest_route=\/wp\/v2\/users\/2"}],"replies":[{"embeddable":true,"href":"https:\/\/duraznohoy.com\/index.php?rest_route=%2Fwp%2Fv2%2Fcomments&post=27984"}],"version-history":[{"count":0,"href":"https:\/\/duraznohoy.com\/index.php?rest_route=\/wp\/v2\/posts\/27984\/revisions"}],"wp:featuredmedia":[{"embeddable":true,"href":"https:\/\/duraznohoy.com\/index.php?rest_route=\/wp\/v2\/media\/27985"}],"wp:attachment":[{"href":"https:\/\/duraznohoy.com\/index.php?rest_route=%2Fwp%2Fv2%2Fmedia&parent=27984"}],"wp:term":[{"taxonomy":"category","embeddable":true,"href":"https:\/\/duraznohoy.com\/index.php?rest_route=%2Fwp%2Fv2%2Fcategories&post=27984"},{"taxonomy":"post_tag","embeddable":true,"href":"https:\/\/duraznohoy.com\/index.php?rest_route=%2Fwp%2Fv2%2Ftags&post=27984"}],"curies":[{"name":"wp","href":"https:\/\/api.w.org\/{rel}","templated":true}]}}