{"id":28002,"date":"2021-12-09T10:01:02","date_gmt":"2021-12-09T13:01:02","guid":{"rendered":"http:\/\/duraznohoy.com\/?p=28002"},"modified":"2021-12-09T10:01:02","modified_gmt":"2021-12-09T13:01:02","slug":"expo-final-del-taller-de-artes-plasticas","status":"publish","type":"post","link":"https:\/\/duraznohoy.com\/?p=28002","title":{"rendered":"Expo final del Taller de Artes Pl\u00e1sticas"},"content":{"rendered":"<p><img loading=\"lazy\" decoding=\"async\" class=\"alignnone size-full wp-image-28003\" src=\"https:\/\/duraznohoy.com\/wp-content\/uploads\/2021\/12\/Taller-de-artes-plasticas.jpg\" alt=\"\" width=\"300\" height=\"177\" \/><\/p>\n<p><span style=\"font-size: large\">El Taller de Artes Pl\u00e1sticas \u00abMtro. Ernesto Giordano\u00bb realizar\u00e1 su cl\u00e1sica exposici\u00f3n de cierre de a\u00f1o, coincidiendo esta vez con la programaci\u00f3n prevista por los 25 a\u00f1os de la creaci\u00f3n del Monumento a las Primeras Llamadas del Interior del Pa\u00eds.<\/span><\/p>\n<div><span style=\"font-size: large\">La muestra se tendr\u00e1 lugar en el propio taller, ubicado en calles Lavalleja y Rivera, del jueves 16 al domingo 19 de diciembre, en el horario de 19.00 a 22.00 horas.<\/span><\/div>\n","protected":false},"excerpt":{"rendered":"<p>El Taller de Artes Pl\u00e1sticas \u00abMtro. Ernesto Giordano\u00bb realizar\u00e1 su cl\u00e1sica exposici\u00f3n de cierre de&#8230;<\/p>\n","protected":false},"author":26,"featured_media":28003,"comment_status":"closed","ping_status":"closed","sticky":false,"template":"","format":"standard","meta":{"footnotes":"","jetpack_publicize_message":"{title}\n\n{excerpt}\n\n{url}","jetpack_publicize_feature_enabled":true,"jetpack_social_post_already_shared":true,"jetpack_social_options":{"image_generator_settings":{"template":"fullscreen","default_image_id":0,"font":"","enabled":false},"version":2},"_wpas_customize_per_network":false},"categories":[33],"tags":[],"class_list":["post-28002","post","type-post","status-publish","format-standard","has-post-thumbnail","hentry","category-actualidad"],"jetpack_publicize_connections":[],"_links":{"self":[{"href":"https:\/\/duraznohoy.com\/index.php?rest_route=\/wp\/v2\/posts\/28002","targetHints":{"allow":["GET"]}}],"collection":[{"href":"https:\/\/duraznohoy.com\/index.php?rest_route=\/wp\/v2\/posts"}],"about":[{"href":"https:\/\/duraznohoy.com\/index.php?rest_route=\/wp\/v2\/types\/post"}],"author":[{"embeddable":true,"href":"https:\/\/duraznohoy.com\/index.php?rest_route=\/wp\/v2\/users\/26"}],"replies":[{"embeddable":true,"href":"https:\/\/duraznohoy.com\/index.php?rest_route=%2Fwp%2Fv2%2Fcomments&post=28002"}],"version-history":[{"count":0,"href":"https:\/\/duraznohoy.com\/index.php?rest_route=\/wp\/v2\/posts\/28002\/revisions"}],"wp:featuredmedia":[{"embeddable":true,"href":"https:\/\/duraznohoy.com\/index.php?rest_route=\/wp\/v2\/media\/28003"}],"wp:attachment":[{"href":"https:\/\/duraznohoy.com\/index.php?rest_route=%2Fwp%2Fv2%2Fmedia&parent=28002"}],"wp:term":[{"taxonomy":"category","embeddable":true,"href":"https:\/\/duraznohoy.com\/index.php?rest_route=%2Fwp%2Fv2%2Fcategories&post=28002"},{"taxonomy":"post_tag","embeddable":true,"href":"https:\/\/duraznohoy.com\/index.php?rest_route=%2Fwp%2Fv2%2Ftags&post=28002"}],"curies":[{"name":"wp","href":"https:\/\/api.w.org\/{rel}","templated":true}]}}