{"id":28005,"date":"2021-12-09T10:03:29","date_gmt":"2021-12-09T13:03:29","guid":{"rendered":"http:\/\/duraznohoy.com\/?p=28005"},"modified":"2021-12-09T10:03:29","modified_gmt":"2021-12-09T13:03:29","slug":"parque-del-bicentenario-navideno","status":"publish","type":"post","link":"https:\/\/duraznohoy.com\/?p=28005","title":{"rendered":"Parque del Bicentenario navide\u00f1o"},"content":{"rendered":"<p><img loading=\"lazy\" decoding=\"async\" class=\"alignnone size-medium wp-image-28006\" src=\"https:\/\/duraznohoy.com\/wp-content\/uploads\/2021\/12\/Arbol-navideno-300x225.jpg\" alt=\"\" width=\"300\" height=\"225\" srcset=\"https:\/\/duraznohoy.com\/wp-content\/uploads\/2021\/12\/Arbol-navideno-300x225.jpg 300w, https:\/\/duraznohoy.com\/wp-content\/uploads\/2021\/12\/Arbol-navideno-1024x768.jpg 1024w, https:\/\/duraznohoy.com\/wp-content\/uploads\/2021\/12\/Arbol-navideno-768x576.jpg 768w, https:\/\/duraznohoy.com\/wp-content\/uploads\/2021\/12\/Arbol-navideno.jpg 1280w\" sizes=\"auto, (max-width: 300px) 100vw, 300px\" \/><\/p>\n<p><span style=\"font-size: large\"><span style=\"color: #000000\"><span style=\"font-family: Arial, sans-serif\">Se instal\u00f3 en el Parque del Bicentenario un \u00e1rbol navide\u00f1o de 7 metros de alto.<\/span><\/span><\/span><\/p>\n<p><span style=\"font-size: large\">La labor realizada en los \u00faltimos d\u00edas por parte del personal de Coordinaci\u00f3n General y de los Departamentos de Obras y de Servicios de la Intendencia de Durazno.<\/span> <\/p>\n","protected":false},"excerpt":{"rendered":"<p>Se instal\u00f3 en el Parque del Bicentenario un \u00e1rbol navide\u00f1o de 7 metros de alto&#8230;.<\/p>\n","protected":false},"author":26,"featured_media":28006,"comment_status":"closed","ping_status":"closed","sticky":false,"template":"","format":"standard","meta":{"footnotes":"","jetpack_publicize_message":"{title}\n\n{excerpt}\n\n{url}","jetpack_publicize_feature_enabled":true,"jetpack_social_post_already_shared":true,"jetpack_social_options":{"image_generator_settings":{"template":"fullscreen","default_image_id":0,"font":"","enabled":false},"version":2},"_wpas_customize_per_network":false},"categories":[33],"tags":[],"class_list":["post-28005","post","type-post","status-publish","format-standard","has-post-thumbnail","hentry","category-actualidad"],"jetpack_publicize_connections":[],"_links":{"self":[{"href":"https:\/\/duraznohoy.com\/index.php?rest_route=\/wp\/v2\/posts\/28005","targetHints":{"allow":["GET"]}}],"collection":[{"href":"https:\/\/duraznohoy.com\/index.php?rest_route=\/wp\/v2\/posts"}],"about":[{"href":"https:\/\/duraznohoy.com\/index.php?rest_route=\/wp\/v2\/types\/post"}],"author":[{"embeddable":true,"href":"https:\/\/duraznohoy.com\/index.php?rest_route=\/wp\/v2\/users\/26"}],"replies":[{"embeddable":true,"href":"https:\/\/duraznohoy.com\/index.php?rest_route=%2Fwp%2Fv2%2Fcomments&post=28005"}],"version-history":[{"count":0,"href":"https:\/\/duraznohoy.com\/index.php?rest_route=\/wp\/v2\/posts\/28005\/revisions"}],"wp:featuredmedia":[{"embeddable":true,"href":"https:\/\/duraznohoy.com\/index.php?rest_route=\/wp\/v2\/media\/28006"}],"wp:attachment":[{"href":"https:\/\/duraznohoy.com\/index.php?rest_route=%2Fwp%2Fv2%2Fmedia&parent=28005"}],"wp:term":[{"taxonomy":"category","embeddable":true,"href":"https:\/\/duraznohoy.com\/index.php?rest_route=%2Fwp%2Fv2%2Fcategories&post=28005"},{"taxonomy":"post_tag","embeddable":true,"href":"https:\/\/duraznohoy.com\/index.php?rest_route=%2Fwp%2Fv2%2Ftags&post=28005"}],"curies":[{"name":"wp","href":"https:\/\/api.w.org\/{rel}","templated":true}]}}