{"id":28008,"date":"2021-12-09T10:06:47","date_gmt":"2021-12-09T13:06:47","guid":{"rendered":"http:\/\/duraznohoy.com\/?p=28008"},"modified":"2021-12-09T10:06:47","modified_gmt":"2021-12-09T13:06:47","slug":"joven-poeta-premiado","status":"publish","type":"post","link":"https:\/\/duraznohoy.com\/?p=28008","title":{"rendered":"Joven poeta premiado"},"content":{"rendered":"<p><img loading=\"lazy\" decoding=\"async\" class=\"alignnone size-medium wp-image-28009\" src=\"https:\/\/duraznohoy.com\/wp-content\/uploads\/2021\/12\/Poeta-300x157.jpg\" alt=\"\" width=\"300\" height=\"157\" srcset=\"https:\/\/duraznohoy.com\/wp-content\/uploads\/2021\/12\/Poeta-300x157.jpg 300w, https:\/\/duraznohoy.com\/wp-content\/uploads\/2021\/12\/Poeta-1024x537.jpg 1024w, https:\/\/duraznohoy.com\/wp-content\/uploads\/2021\/12\/Poeta-768x403.jpg 768w, https:\/\/duraznohoy.com\/wp-content\/uploads\/2021\/12\/Poeta.jpg 1280w\" sizes=\"auto, (max-width: 300px) 100vw, 300px\" \/><\/p>\n<p>El joven duraznense, Diego Ferreira Caballero fue galardonado en el Primer Premio del Concurso Literario \u201cTom\u00e1s de Mattos\u201d, en la categor\u00eda Poes\u00eda, 19 a 29 a\u00f1os de edad, organizado por la Oficina de la Juventud de Tacuaremb\u00f3,<\/p>\n<p><span style=\"color: #000000\"><span style=\"font-family: Arial, sans-serif\"><span style=\"font-size: small\">En la ceremonia particip\u00f3 el Intendente Wilson Ezquerra y el coordinador de Juventud, Camilo Gutierrez y la entrega del premio al joven duraznense fue realizada por Mat\u00edas Luj\u00e1n Puigvert, Coordinador de la Oficina de la Juventud de la Intendencia.<\/span><\/span><\/span> <\/p>\n","protected":false},"excerpt":{"rendered":"<p>El joven duraznense, Diego Ferreira Caballero fue galardonado en el Primer Premio del Concurso Literario&#8230;<\/p>\n","protected":false},"author":26,"featured_media":28009,"comment_status":"closed","ping_status":"closed","sticky":false,"template":"","format":"standard","meta":{"footnotes":"","jetpack_publicize_message":"{title}\n\n{excerpt}\n\n{url}","jetpack_publicize_feature_enabled":true,"jetpack_social_post_already_shared":true,"jetpack_social_options":{"image_generator_settings":{"template":"fullscreen","default_image_id":0,"font":"","enabled":false},"version":2},"_wpas_customize_per_network":false},"categories":[33],"tags":[],"class_list":["post-28008","post","type-post","status-publish","format-standard","has-post-thumbnail","hentry","category-actualidad"],"jetpack_publicize_connections":[],"_links":{"self":[{"href":"https:\/\/duraznohoy.com\/index.php?rest_route=\/wp\/v2\/posts\/28008","targetHints":{"allow":["GET"]}}],"collection":[{"href":"https:\/\/duraznohoy.com\/index.php?rest_route=\/wp\/v2\/posts"}],"about":[{"href":"https:\/\/duraznohoy.com\/index.php?rest_route=\/wp\/v2\/types\/post"}],"author":[{"embeddable":true,"href":"https:\/\/duraznohoy.com\/index.php?rest_route=\/wp\/v2\/users\/26"}],"replies":[{"embeddable":true,"href":"https:\/\/duraznohoy.com\/index.php?rest_route=%2Fwp%2Fv2%2Fcomments&post=28008"}],"version-history":[{"count":0,"href":"https:\/\/duraznohoy.com\/index.php?rest_route=\/wp\/v2\/posts\/28008\/revisions"}],"wp:featuredmedia":[{"embeddable":true,"href":"https:\/\/duraznohoy.com\/index.php?rest_route=\/wp\/v2\/media\/28009"}],"wp:attachment":[{"href":"https:\/\/duraznohoy.com\/index.php?rest_route=%2Fwp%2Fv2%2Fmedia&parent=28008"}],"wp:term":[{"taxonomy":"category","embeddable":true,"href":"https:\/\/duraznohoy.com\/index.php?rest_route=%2Fwp%2Fv2%2Fcategories&post=28008"},{"taxonomy":"post_tag","embeddable":true,"href":"https:\/\/duraznohoy.com\/index.php?rest_route=%2Fwp%2Fv2%2Ftags&post=28008"}],"curies":[{"name":"wp","href":"https:\/\/api.w.org\/{rel}","templated":true}]}}