{"id":28012,"date":"2021-12-09T11:57:30","date_gmt":"2021-12-09T14:57:30","guid":{"rendered":"http:\/\/duraznohoy.com\/?p=28012"},"modified":"2021-12-09T11:57:30","modified_gmt":"2021-12-09T14:57:30","slug":"el-afilador-era-como-el-periodico-del-dia","status":"publish","type":"post","link":"https:\/\/duraznohoy.com\/?p=28012","title":{"rendered":"El afilador era como el peri\u00f3dico del d\u00eda."},"content":{"rendered":"<p style=\"text-align: right;\"><strong>Cuando suena el silbido de su arm\u00f3nica ya se sabe que el afilador de cuchillos anda por la zona.<\/strong><\/p>\n<p>Suelo recordar los tiempos infantiles y por un momento, transportado al pasado, escucho nuevamente el sonido de la flauta de pan con la que \u00e9l se anunciaba, a la voz de: \u00abafilador!\u00bb.<\/p>\n<p>Se ofrec\u00eda para afilar alg\u00fan cuchillo o tijeras, montado sobre su bicicleta en cuya rueda, acoplaba una correa de cuero y mediante el pie, d\u00e1ndole a un pedal, el afilador estaba listo para hacer girar las ruedas de afilar, teniendo las dos manos libres para manipular los utensilios a los que necesitaba renovar el filo.<\/p>\n<p>Pero no se limitaba solo a eso, pues el hombre ten\u00eda otros conocimientos y habilidades manuales. Tambi\u00e9n te arreglaba las varillas rotas de un paraguas. Incluso pod\u00eda colocarle un parche al fondo de alguna olla o caldero que se hubiera perforado. Y mientras trabajaba, el afilador, ansioso de pl\u00e1tica que mitigara un poco su andariega soledad por las calles pueblerinas, sol\u00eda darnos noticias de lo que ocurr\u00eda en otros barrios.<\/p>\n<p>Mam\u00e1 nos dec\u00eda que se enteraba m\u00e1s por el afilador que por la radio.<\/p>\n<p>El afilador era como el peri\u00f3dico del d\u00eda.<\/p>\n<p>Hoy, el personaje del afilador ha desaparecido de las calles, al menos en las grandes urbes. Con el advenimiento de los cuchillos de filo permanente y los utensilios caseros para afilarlos, el viejo y noble oficio de afilador ambulante parece tender a extinguirse. Los pocos que quedan se van jubilando y, por su parte, los j\u00f3venes no quieren ser afiladores, por lo que no hay quien tome el relevo para este oficio. As\u00ed que, si bien no ha muerto, de seguir as\u00ed pronto quedar\u00e1 como en la memoria de quienes lo vivieron, en las exposiciones tem\u00e1ticas y museos, en el anecdotario del pasado o en alguna breve narrativa como esta.<\/p>\n<p><img loading=\"lazy\" decoding=\"async\" class=\" wp-image-28013 alignleft\" src=\"https:\/\/duraznohoy.com\/wp-content\/uploads\/2021\/12\/afilador-2-300x456.jpg\" alt=\"\" width=\"224\" height=\"340\" srcset=\"https:\/\/duraznohoy.com\/wp-content\/uploads\/2021\/12\/afilador-2-300x456.jpg 300w, https:\/\/duraznohoy.com\/wp-content\/uploads\/2021\/12\/afilador-2.jpg 474w\" sizes=\"auto, (max-width: 224px) 100vw, 224px\" \/>Pero es muy grato saber que tantos otros, al igual que yo, no necesitan encontr\u00e1rselos en la calle, ni de verlos en fotograf\u00edas, ni siquiera de escuchar la melod\u00eda de su flauta. Porque podemos cerra un instante los ojos y seguir viendo y oyendo al afilador de nuestra infancia.<\/p>\n<p>&nbsp;<\/p>\n<p>Como lo hace con su poes\u00eda el estimado amigo trinitario <strong>Jos\u00e9 Luis Lerena Caballero:<\/strong><\/p>\n<p><em>Una vieja melod\u00eda callejera me hizo volver al<\/em><\/p>\n<p><em>tiempo de la infancia, y cuando vi de d\u00f3nde<\/em><\/p>\n<p><em>proven\u00eda me pellizqu\u00e9 creyendo que so\u00f1aba.<\/em><\/p>\n<p><em>Estaba all\u00ed en su vieja bicicleta, pero viendo hacia<\/em><\/p>\n<p><em>atr\u00e1s, que cosa rara, me par\u00e9 a contemplarlo<\/em><\/p>\n<p><em>hipnotizado al viejo afilador pedal y flauta.<\/em><\/p>\n<p><em>Sumergido en su mundo de cuchillos, tijeras,<\/em><\/p>\n<p><em>cortaplumas y navajas. Ni advert\u00eda siquiera mi<\/em><\/p>\n<p><em>presencia porque eso a \u00e9l para nada le<\/em><\/p>\n<p><em>importaba. Y record\u00e9 los a\u00f1os de chiquillo<\/em><\/p>\n<p><em>cuando la calle toda era una cancha, cu\u00e1ntas<\/em><\/p>\n<p><em>veces lo vi, pero sin verlo, porque entonces mi<\/em><\/p>\n<p><em>atenci\u00f3n la acaparaba, una vieja pelota que con<\/em><\/p>\n<p><em>trapos hab\u00edan hecho los m\u00e1s grandes de la casa.<\/em><\/p>\n<p><em>Y era \u00e9l con m\u00e1s a\u00f1os y m\u00e1s canas, con<\/em><\/p>\n<p><em>unos lentes enormes que tend\u00edan a caerse cada<\/em><\/p>\n<p><em>vez que se agachaba, pero nunca llegaron hasta<\/em><\/p>\n<p><em>el suelo, se quedaban enredados en su barba.<\/em><\/p>\n<p><em>\u00a0Ypens\u00e9, \u00a1cu\u00e1ntas cosas han pasado por nuestras<\/em><\/p>\n<p><em>vidas sin darles importancia! \u00bfC\u00f3mo nunca fue<\/em><\/p>\n<p><em>tan dulce como ahora la extra\u00f1a melod\u00eda de su flauta?<\/em><\/p>\n<p><em>Ser\u00e1 que andar y andar, al mismo tiempo, nos<\/em><\/p>\n<p><em>vuelve m\u00e1s sensibles y rescata sentimientos que<\/em><\/p>\n<p><em>estaban enterrados bajo un manto de olvidos y nostalgias.<\/em><\/p>\n<p><em>\u00a0Si pasaron&#8230; cien a\u00f1os me parece<\/em><\/p>\n<p><em>para volver a o\u00edr tu vieja flauta, seguro que en el<\/em><\/p>\n<p><em>tiempo que me queda, para o\u00edrla otra vez ya no<\/em><\/p>\n<p><em>me alcanza. Segu\u00ed, que los cuchillos, las tijeras,<\/em><\/p>\n<p><em>en muchas casas est\u00e1n desafiladas, y aunque<\/em><\/p>\n<p><em>en la calle ya no andan los gurises corriendo una<\/em><\/p>\n<p><em>pelota desinflada, \u00a1segu\u00ed\u2026 segu\u00ed por esas calles<\/em><\/p>\n<p><em>de mi pueblo afilando esperanzas desgastadas!<\/em><\/p>\n<p>&nbsp;<\/p>\n<p>&nbsp; <\/p>\n","protected":false},"excerpt":{"rendered":"<p>Cuando suena el silbido de su arm\u00f3nica ya se sabe que el afilador de cuchillos&#8230;<\/p>\n","protected":false},"author":2,"featured_media":28014,"comment_status":"closed","ping_status":"closed","sticky":false,"template":"","format":"standard","meta":{"footnotes":"","jetpack_publicize_message":"{title}\n\n{excerpt}\n\n{url}","jetpack_publicize_feature_enabled":true,"jetpack_social_post_already_shared":true,"jetpack_social_options":{"image_generator_settings":{"template":"fullscreen","default_image_id":0,"font":"","enabled":false},"version":2},"_wpas_customize_per_network":false},"categories":[112,41],"tags":[],"class_list":["post-28012","post","type-post","status-publish","format-standard","has-post-thumbnail","hentry","category-aporte-literario","category-recordando"],"jetpack_publicize_connections":[],"_links":{"self":[{"href":"https:\/\/duraznohoy.com\/index.php?rest_route=\/wp\/v2\/posts\/28012","targetHints":{"allow":["GET"]}}],"collection":[{"href":"https:\/\/duraznohoy.com\/index.php?rest_route=\/wp\/v2\/posts"}],"about":[{"href":"https:\/\/duraznohoy.com\/index.php?rest_route=\/wp\/v2\/types\/post"}],"author":[{"embeddable":true,"href":"https:\/\/duraznohoy.com\/index.php?rest_route=\/wp\/v2\/users\/2"}],"replies":[{"embeddable":true,"href":"https:\/\/duraznohoy.com\/index.php?rest_route=%2Fwp%2Fv2%2Fcomments&post=28012"}],"version-history":[{"count":0,"href":"https:\/\/duraznohoy.com\/index.php?rest_route=\/wp\/v2\/posts\/28012\/revisions"}],"wp:featuredmedia":[{"embeddable":true,"href":"https:\/\/duraznohoy.com\/index.php?rest_route=\/wp\/v2\/media\/28014"}],"wp:attachment":[{"href":"https:\/\/duraznohoy.com\/index.php?rest_route=%2Fwp%2Fv2%2Fmedia&parent=28012"}],"wp:term":[{"taxonomy":"category","embeddable":true,"href":"https:\/\/duraznohoy.com\/index.php?rest_route=%2Fwp%2Fv2%2Fcategories&post=28012"},{"taxonomy":"post_tag","embeddable":true,"href":"https:\/\/duraznohoy.com\/index.php?rest_route=%2Fwp%2Fv2%2Ftags&post=28012"}],"curies":[{"name":"wp","href":"https:\/\/api.w.org\/{rel}","templated":true}]}}