{"id":28016,"date":"2021-12-09T15:15:42","date_gmt":"2021-12-09T18:15:42","guid":{"rendered":"http:\/\/duraznohoy.com\/?p=28016"},"modified":"2021-12-09T16:41:53","modified_gmt":"2021-12-09T19:41:53","slug":"el-17-cortes-de-luz","status":"publish","type":"post","link":"https:\/\/duraznohoy.com\/?p=28016","title":{"rendered":"El 17, cortes de luz."},"content":{"rendered":"<p><strong>UTE est\u00e1 anunciando corte de energ\u00eda el\u00e9ctrica en dos zonas de la ciudad y en el interior, el pr\u00f3ximo 17 de diciembre.<\/strong><\/p>\n<p>Los Comunicados llegados a Durazno Hoy se\u00f1alan:<\/p>\n<p>1 &#8211; Se comunica a los estimados clientes que se encuentran comprendidos en la siguiente zona: <strong>Viviendas Policiales y aleda\u00f1os de Ruta 5 y Joaqu\u00edn Suarez,<\/strong> que se efectuar\u00e1 un corte programado en el suministro de energ\u00eda el\u00e9ctrica, el d\u00eda 17 de diciembre en el horario comprendido entre 07:30 a 14:00 horas. El mismo se efect\u00faa, para realizar tareas de mejoras y mantenimiento en la red el\u00e9ctrica. En caso de lluvia el mismo ser\u00e1 suspendido. &#8211;<\/p>\n<p>2 &#8211; Se comunica a los estimados clientes que se encuentran comprendidos en la siguiente zona: <strong>Barrio La Peyrade<\/strong>, que se efectuar\u00e1 un corte programado en el suministro de energ\u00eda el\u00e9ctrica, el d\u00eda 17 de diciembre en el horario comprendido entre 07:30 a 12:00 horas. El mismo se efect\u00faa, para realizar tareas de mejoras y mantenimiento en la red el\u00e9ctrica. En caso de lluvia el mismo ser\u00e1 suspendido. &#8211;<\/p>\n<p>3 &#8211; Se comunica a los estimados clientes que se encuentran comprendidos en la siguiente zona: <strong>Barrancas Coloradas y Cuchillas de Rinc\u00f3n<\/strong>, que se efectuar\u00e1 un corte programado en el suministro de energ\u00eda el\u00e9ctrica, el d\u00eda 17 de Diciembre en el horario comprendido entre 07:30 a 14:00 hs. El mismo se efect\u00faa, para realizar tareas de mejoras y mantenimiento en la red el\u00e9ctrica.<\/p>\n<p>En caso de lluvia el mismo ser\u00e1 suspendido. &#8211; <\/p>\n","protected":false},"excerpt":{"rendered":"<p>UTE est\u00e1 anunciando corte de energ\u00eda el\u00e9ctrica en dos zonas de la ciudad y en&#8230;<\/p>\n","protected":false},"author":2,"featured_media":28017,"comment_status":"closed","ping_status":"closed","sticky":false,"template":"","format":"standard","meta":{"footnotes":"","jetpack_publicize_message":"{title}\n\n{excerpt}\n\n{url}","jetpack_publicize_feature_enabled":true,"jetpack_social_post_already_shared":true,"jetpack_social_options":{"image_generator_settings":{"template":"fullscreen","default_image_id":0,"font":"","enabled":false},"version":2},"_wpas_customize_per_network":false},"categories":[33],"tags":[],"class_list":["post-28016","post","type-post","status-publish","format-standard","has-post-thumbnail","hentry","category-actualidad"],"jetpack_publicize_connections":[],"_links":{"self":[{"href":"https:\/\/duraznohoy.com\/index.php?rest_route=\/wp\/v2\/posts\/28016","targetHints":{"allow":["GET"]}}],"collection":[{"href":"https:\/\/duraznohoy.com\/index.php?rest_route=\/wp\/v2\/posts"}],"about":[{"href":"https:\/\/duraznohoy.com\/index.php?rest_route=\/wp\/v2\/types\/post"}],"author":[{"embeddable":true,"href":"https:\/\/duraznohoy.com\/index.php?rest_route=\/wp\/v2\/users\/2"}],"replies":[{"embeddable":true,"href":"https:\/\/duraznohoy.com\/index.php?rest_route=%2Fwp%2Fv2%2Fcomments&post=28016"}],"version-history":[{"count":0,"href":"https:\/\/duraznohoy.com\/index.php?rest_route=\/wp\/v2\/posts\/28016\/revisions"}],"wp:featuredmedia":[{"embeddable":true,"href":"https:\/\/duraznohoy.com\/index.php?rest_route=\/wp\/v2\/media\/28017"}],"wp:attachment":[{"href":"https:\/\/duraznohoy.com\/index.php?rest_route=%2Fwp%2Fv2%2Fmedia&parent=28016"}],"wp:term":[{"taxonomy":"category","embeddable":true,"href":"https:\/\/duraznohoy.com\/index.php?rest_route=%2Fwp%2Fv2%2Fcategories&post=28016"},{"taxonomy":"post_tag","embeddable":true,"href":"https:\/\/duraznohoy.com\/index.php?rest_route=%2Fwp%2Fv2%2Ftags&post=28016"}],"curies":[{"name":"wp","href":"https:\/\/api.w.org\/{rel}","templated":true}]}}