{"id":28286,"date":"2021-12-19T18:49:54","date_gmt":"2021-12-19T21:49:54","guid":{"rendered":"http:\/\/duraznohoy.com\/?p=28286"},"modified":"2021-12-19T18:49:54","modified_gmt":"2021-12-19T21:49:54","slug":"que-canten-los-ninos","status":"publish","type":"post","link":"https:\/\/duraznohoy.com\/?p=28286","title":{"rendered":"Que canten los ni\u00f1os&#8230;"},"content":{"rendered":"<figure id=\"attachment_28291\" aria-describedby=\"caption-attachment-28291\" style=\"width: 228px\" class=\"wp-caption alignleft\"><img loading=\"lazy\" decoding=\"async\" class=\" wp-image-28291\" src=\"https:\/\/duraznohoy.com\/wp-content\/uploads\/2021\/12\/PIERI5-300x236.jpg\" alt=\"\" width=\"228\" height=\"179\" srcset=\"https:\/\/duraznohoy.com\/wp-content\/uploads\/2021\/12\/PIERI5-300x236.jpg 300w, https:\/\/duraznohoy.com\/wp-content\/uploads\/2021\/12\/PIERI5-1024x805.jpg 1024w, https:\/\/duraznohoy.com\/wp-content\/uploads\/2021\/12\/PIERI5-768x604.jpg 768w, https:\/\/duraznohoy.com\/wp-content\/uploads\/2021\/12\/PIERI5-1536x1207.jpg 1536w, https:\/\/duraznohoy.com\/wp-content\/uploads\/2021\/12\/PIERI5-2048x1610.jpg 2048w\" sizes=\"auto, (max-width: 228px) 100vw, 228px\" \/><figcaption id=\"caption-attachment-28291\" class=\"wp-caption-text\"><em><strong>Catherine Vergnes.<\/strong><\/em><\/figcaption><\/figure>\n<p><strong>La m\u00fasica forma parte de nuestra sociedad, nos re\u00fane y nos une y refuerza los v\u00ednculos dentro de un grupo y tambi\u00e9n nos liga a la tierra de donde somos. Es capaz de reunir a los ni\u00f1os en torno a una canci\u00f3n o una melod\u00eda. <\/strong><\/p>\n<p>En Malena, con su vocecita casi infantil pero cautivante y la m\u00fasica de Enzo, podr\u00edamos resumir como fue la pe\u00f1a cierre de actividades de \u201cLa Puesta del Sol\u201d.<\/p>\n<p>La peque\u00f1a de <strong>7 a\u00f1os<\/strong>, hija de Pierino, no demor\u00f3 al llamado ni mostr\u00f3 timidez al cantar y form\u00f3, aunque sea por unos minutos, un d\u00fao que, sin propon\u00e9rselo, se\u00f1ala el camino de nuestra canci\u00f3n popular.<\/p>\n<p>Antes Catherine Vergnes y su Grupo ofreci\u00f3 una selecci\u00f3n de canciones, con las que ha venido recorriendo el pa\u00eds todo el 2021. Despu\u00e9s, Bryan Corbo con su voz tan particular, grave pero envolvente, recorri\u00f3 canciones tradicionales del folclore uruguayo.<\/p>\n<figure id=\"attachment_28290\" aria-describedby=\"caption-attachment-28290\" style=\"width: 254px\" class=\"wp-caption alignright\"><img loading=\"lazy\" decoding=\"async\" class=\" wp-image-28290\" src=\"https:\/\/duraznohoy.com\/wp-content\/uploads\/2021\/12\/PIERI4-300x450.jpg\" alt=\"\" width=\"254\" height=\"381\" srcset=\"https:\/\/duraznohoy.com\/wp-content\/uploads\/2021\/12\/PIERI4-300x450.jpg 300w, https:\/\/duraznohoy.com\/wp-content\/uploads\/2021\/12\/PIERI4-683x1024.jpg 683w, https:\/\/duraznohoy.com\/wp-content\/uploads\/2021\/12\/PIERI4-768x1152.jpg 768w, https:\/\/duraznohoy.com\/wp-content\/uploads\/2021\/12\/PIERI4-1024x1536.jpg 1024w, https:\/\/duraznohoy.com\/wp-content\/uploads\/2021\/12\/PIERI4-1365x2048.jpg 1365w, https:\/\/duraznohoy.com\/wp-content\/uploads\/2021\/12\/PIERI4-scaled.jpg 1706w\" sizes=\"auto, (max-width: 254px) 100vw, 254px\" \/><figcaption id=\"caption-attachment-28290\" class=\"wp-caption-text\"><em><strong>Enzo Castro.<\/strong><\/em><\/figcaption><\/figure>\n<p>Enzo, el peque\u00f1o de tan solo <strong>8 a\u00f1os<\/strong>, se adue\u00f1o de la tarde. Sus manos parec\u00edan dibujar sobre el acorde\u00f3n y descubrieron ritmos diferentes, especialmente del Norte uruguayo, pero, adem\u00e1s, dialog\u00f3 con sus compa\u00f1eros de escena e intercambi\u00f3 conceptos con los propios espectadores, demostrando que est\u00e1 aprendiendo a ritmo acelerado y que mucho puede esperarse de \u00e9l en los tiempos que vendr\u00e1n.<\/p>\n<p>La actuaci\u00f3n de este con Bryan y Pierino Techera, fue una yapa merecida para los espectadores que apostaron una vez m\u00e1s, a esta propuesta arriesgada para el momento, de Ram\u00f3n Medero y su familia.<\/p>\n<figure id=\"attachment_28288\" aria-describedby=\"caption-attachment-28288\" style=\"width: 202px\" class=\"wp-caption alignnone\"><img loading=\"lazy\" decoding=\"async\" class=\" wp-image-28288\" src=\"https:\/\/duraznohoy.com\/wp-content\/uploads\/2021\/12\/PIERI2-300x246.jpg\" alt=\"\" width=\"202\" height=\"166\" srcset=\"https:\/\/duraznohoy.com\/wp-content\/uploads\/2021\/12\/PIERI2-300x246.jpg 300w, https:\/\/duraznohoy.com\/wp-content\/uploads\/2021\/12\/PIERI2-1024x838.jpg 1024w, https:\/\/duraznohoy.com\/wp-content\/uploads\/2021\/12\/PIERI2-768x629.jpg 768w, https:\/\/duraznohoy.com\/wp-content\/uploads\/2021\/12\/PIERI2-1536x1258.jpg 1536w, https:\/\/duraznohoy.com\/wp-content\/uploads\/2021\/12\/PIERI2-2048x1677.jpg 2048w\" sizes=\"auto, (max-width: 202px) 100vw, 202px\" \/><figcaption id=\"caption-attachment-28288\" class=\"wp-caption-text\"><em><strong>Pierino y Enzo.<\/strong><\/em><\/figcaption><\/figure>\n<figure id=\"attachment_28289\" aria-describedby=\"caption-attachment-28289\" style=\"width: 198px\" class=\"wp-caption alignnone\"><img loading=\"lazy\" decoding=\"async\" class=\" wp-image-28289\" src=\"https:\/\/duraznohoy.com\/wp-content\/uploads\/2021\/12\/PIERI3-300x238.jpg\" alt=\"\" width=\"198\" height=\"157\" srcset=\"https:\/\/duraznohoy.com\/wp-content\/uploads\/2021\/12\/PIERI3-300x238.jpg 300w, https:\/\/duraznohoy.com\/wp-content\/uploads\/2021\/12\/PIERI3-1024x813.jpg 1024w, https:\/\/duraznohoy.com\/wp-content\/uploads\/2021\/12\/PIERI3-768x610.jpg 768w, https:\/\/duraznohoy.com\/wp-content\/uploads\/2021\/12\/PIERI3-1536x1219.jpg 1536w, https:\/\/duraznohoy.com\/wp-content\/uploads\/2021\/12\/PIERI3-2048x1626.jpg 2048w\" sizes=\"auto, (max-width: 198px) 100vw, 198px\" \/><figcaption id=\"caption-attachment-28289\" class=\"wp-caption-text\"><em><strong>Bryan Corbo canta acompa\u00f1ado por Enzo.<\/strong><\/em><\/figcaption><\/figure>\n<p>&nbsp;<\/p>\n<p>&nbsp;<\/p>\n<p>&nbsp;<\/p>\n<p>&nbsp; <\/p>\n","protected":false},"excerpt":{"rendered":"<p>La m\u00fasica forma parte de nuestra sociedad, nos re\u00fane y nos une y refuerza los&#8230;<\/p>\n","protected":false},"author":2,"featured_media":28287,"comment_status":"closed","ping_status":"closed","sticky":false,"template":"","format":"standard","meta":{"footnotes":"","jetpack_publicize_message":"{title}\n\n{excerpt}\n\n{url}","jetpack_publicize_feature_enabled":true,"jetpack_social_post_already_shared":true,"jetpack_social_options":{"image_generator_settings":{"template":"fullscreen","default_image_id":0,"font":"","enabled":false},"version":2},"_wpas_customize_per_network":false},"categories":[33,9],"tags":[],"class_list":["post-28286","post","type-post","status-publish","format-standard","has-post-thumbnail","hentry","category-actualidad","category-espectaculos"],"jetpack_publicize_connections":[],"_links":{"self":[{"href":"https:\/\/duraznohoy.com\/index.php?rest_route=\/wp\/v2\/posts\/28286","targetHints":{"allow":["GET"]}}],"collection":[{"href":"https:\/\/duraznohoy.com\/index.php?rest_route=\/wp\/v2\/posts"}],"about":[{"href":"https:\/\/duraznohoy.com\/index.php?rest_route=\/wp\/v2\/types\/post"}],"author":[{"embeddable":true,"href":"https:\/\/duraznohoy.com\/index.php?rest_route=\/wp\/v2\/users\/2"}],"replies":[{"embeddable":true,"href":"https:\/\/duraznohoy.com\/index.php?rest_route=%2Fwp%2Fv2%2Fcomments&post=28286"}],"version-history":[{"count":0,"href":"https:\/\/duraznohoy.com\/index.php?rest_route=\/wp\/v2\/posts\/28286\/revisions"}],"wp:featuredmedia":[{"embeddable":true,"href":"https:\/\/duraznohoy.com\/index.php?rest_route=\/wp\/v2\/media\/28287"}],"wp:attachment":[{"href":"https:\/\/duraznohoy.com\/index.php?rest_route=%2Fwp%2Fv2%2Fmedia&parent=28286"}],"wp:term":[{"taxonomy":"category","embeddable":true,"href":"https:\/\/duraznohoy.com\/index.php?rest_route=%2Fwp%2Fv2%2Fcategories&post=28286"},{"taxonomy":"post_tag","embeddable":true,"href":"https:\/\/duraznohoy.com\/index.php?rest_route=%2Fwp%2Fv2%2Ftags&post=28286"}],"curies":[{"name":"wp","href":"https:\/\/api.w.org\/{rel}","templated":true}]}}