{"id":28300,"date":"2021-12-20T10:11:17","date_gmt":"2021-12-20T13:11:17","guid":{"rendered":"http:\/\/duraznohoy.com\/?p=28300"},"modified":"2021-12-20T10:11:17","modified_gmt":"2021-12-20T13:11:17","slug":"vacunacion-pueblo-a-pueblo","status":"publish","type":"post","link":"https:\/\/duraznohoy.com\/?p=28300","title":{"rendered":"Vacunaci\u00f3n pueblo a pueblo"},"content":{"rendered":"<p><img loading=\"lazy\" decoding=\"async\" class=\"alignnone size-medium wp-image-28301\" src=\"https:\/\/duraznohoy.com\/wp-content\/uploads\/2021\/12\/vacunac-300x145.jpeg\" alt=\"\" width=\"300\" height=\"145\" srcset=\"https:\/\/duraznohoy.com\/wp-content\/uploads\/2021\/12\/vacunac-300x145.jpeg 300w, https:\/\/duraznohoy.com\/wp-content\/uploads\/2021\/12\/vacunac.jpeg 322w\" sizes=\"auto, (max-width: 300px) 100vw, 300px\" \/><\/p>\n<p>La Comisi\u00f3n Honoraria de la Lucha Antituberculosa y Enfermedades Prevalentes informa a la poblaci\u00f3n que en su sede ubicada sobre calle 18 de julio casi Oribe en la ciudad de Durazno, el d\u00eda mi\u00e9rcoles 22 de diciembre en el horario comprendido entre las 08:00 y 17:00 horas se vacunara primera, segunda y tercera dosis con Pfizer sin agenda.<br \/>\nAs\u00ed mismo ma\u00f1ana contin\u00faa la campa\u00f1a Pueblo a Pueblo.<br \/>\nPrimera,segunda y tercera dosis de Pfizer con el siguiente detalle:<br \/>\nMartes 21 de diciembre de 08:00 a 11:00 La Paloma y de 13:00 a 15:00 Blanquillo.<br \/>\nMi\u00e9rcoles 22 de diciembre de 09:00 a 11:00 San Jorge y de 13:00 a 15:00 Carlos Reyles.<br \/>\nJueves 23 de diciembre de 08:00 a 11:00 Villa del Carmen y de 14:00 a 17:00 Centenario. <\/p>\n","protected":false},"excerpt":{"rendered":"<p>La Comisi\u00f3n Honoraria de la Lucha Antituberculosa y Enfermedades Prevalentes informa a la poblaci\u00f3n que&#8230;<\/p>\n","protected":false},"author":26,"featured_media":28301,"comment_status":"closed","ping_status":"closed","sticky":false,"template":"","format":"standard","meta":{"footnotes":"","jetpack_publicize_message":"{title}\n\n{excerpt}\n\n{url}","jetpack_publicize_feature_enabled":true,"jetpack_social_post_already_shared":true,"jetpack_social_options":{"image_generator_settings":{"template":"fullscreen","default_image_id":0,"font":"","enabled":false},"version":2},"_wpas_customize_per_network":false},"categories":[33],"tags":[],"class_list":["post-28300","post","type-post","status-publish","format-standard","has-post-thumbnail","hentry","category-actualidad"],"jetpack_publicize_connections":[],"_links":{"self":[{"href":"https:\/\/duraznohoy.com\/index.php?rest_route=\/wp\/v2\/posts\/28300","targetHints":{"allow":["GET"]}}],"collection":[{"href":"https:\/\/duraznohoy.com\/index.php?rest_route=\/wp\/v2\/posts"}],"about":[{"href":"https:\/\/duraznohoy.com\/index.php?rest_route=\/wp\/v2\/types\/post"}],"author":[{"embeddable":true,"href":"https:\/\/duraznohoy.com\/index.php?rest_route=\/wp\/v2\/users\/26"}],"replies":[{"embeddable":true,"href":"https:\/\/duraznohoy.com\/index.php?rest_route=%2Fwp%2Fv2%2Fcomments&post=28300"}],"version-history":[{"count":0,"href":"https:\/\/duraznohoy.com\/index.php?rest_route=\/wp\/v2\/posts\/28300\/revisions"}],"wp:featuredmedia":[{"embeddable":true,"href":"https:\/\/duraznohoy.com\/index.php?rest_route=\/wp\/v2\/media\/28301"}],"wp:attachment":[{"href":"https:\/\/duraznohoy.com\/index.php?rest_route=%2Fwp%2Fv2%2Fmedia&parent=28300"}],"wp:term":[{"taxonomy":"category","embeddable":true,"href":"https:\/\/duraznohoy.com\/index.php?rest_route=%2Fwp%2Fv2%2Fcategories&post=28300"},{"taxonomy":"post_tag","embeddable":true,"href":"https:\/\/duraznohoy.com\/index.php?rest_route=%2Fwp%2Fv2%2Ftags&post=28300"}],"curies":[{"name":"wp","href":"https:\/\/api.w.org\/{rel}","templated":true}]}}