{"id":28705,"date":"2022-01-04T17:37:01","date_gmt":"2022-01-04T20:37:01","guid":{"rendered":"http:\/\/duraznohoy.com\/?p=28705"},"modified":"2022-01-04T17:37:34","modified_gmt":"2022-01-04T20:37:34","slug":"capturaron-a-presunto-asesino-de-la-paloma","status":"publish","type":"post","link":"https:\/\/duraznohoy.com\/?p=28705","title":{"rendered":"Capturaron a presunto asesino de La Paloma."},"content":{"rendered":"<h3>Fue capturado el presunto matador de un hombre, d\u00edas pasados, en la localidad de La Paloma.<\/h3>\n<p>Se trata de <strong>Kevin Germ\u00e1n Araujo Garc\u00eda<\/strong>, de 22 a\u00f1os de edad, quien, seg\u00fan la principal hip\u00f3tesis de los investigadores ser\u00eda el autor del crimen de un hombre de 38 a\u00f1os, ocurrido en la madrugada del pasado primero de enero en aquella localidad.<\/p>\n<p>Se hab\u00eda solicitado captura nacional, presumi\u00e9ndose que habr\u00eda huido hacia el Norte del pa\u00eds.<\/p>\n<p>Precisamente all\u00ed fue capturado este martes y estar\u00eda declarando en la tarde ante la Justicia. <\/p>\n","protected":false},"excerpt":{"rendered":"<p>Fue capturado el presunto matador de un hombre, d\u00edas pasados, en la localidad de La&#8230;<\/p>\n","protected":false},"author":2,"featured_media":28651,"comment_status":"closed","ping_status":"closed","sticky":false,"template":"","format":"standard","meta":{"footnotes":"","jetpack_publicize_message":"{title}\n\n{excerpt}\n\n{url}","jetpack_publicize_feature_enabled":true,"jetpack_social_post_already_shared":true,"jetpack_social_options":{"image_generator_settings":{"template":"fullscreen","default_image_id":0,"font":"","enabled":false},"version":2},"_wpas_customize_per_network":false},"categories":[21],"tags":[],"class_list":["post-28705","post","type-post","status-publish","format-standard","has-post-thumbnail","hentry","category-policiales"],"jetpack_publicize_connections":[],"_links":{"self":[{"href":"https:\/\/duraznohoy.com\/index.php?rest_route=\/wp\/v2\/posts\/28705","targetHints":{"allow":["GET"]}}],"collection":[{"href":"https:\/\/duraznohoy.com\/index.php?rest_route=\/wp\/v2\/posts"}],"about":[{"href":"https:\/\/duraznohoy.com\/index.php?rest_route=\/wp\/v2\/types\/post"}],"author":[{"embeddable":true,"href":"https:\/\/duraznohoy.com\/index.php?rest_route=\/wp\/v2\/users\/2"}],"replies":[{"embeddable":true,"href":"https:\/\/duraznohoy.com\/index.php?rest_route=%2Fwp%2Fv2%2Fcomments&post=28705"}],"version-history":[{"count":0,"href":"https:\/\/duraznohoy.com\/index.php?rest_route=\/wp\/v2\/posts\/28705\/revisions"}],"wp:featuredmedia":[{"embeddable":true,"href":"https:\/\/duraznohoy.com\/index.php?rest_route=\/wp\/v2\/media\/28651"}],"wp:attachment":[{"href":"https:\/\/duraznohoy.com\/index.php?rest_route=%2Fwp%2Fv2%2Fmedia&parent=28705"}],"wp:term":[{"taxonomy":"category","embeddable":true,"href":"https:\/\/duraznohoy.com\/index.php?rest_route=%2Fwp%2Fv2%2Fcategories&post=28705"},{"taxonomy":"post_tag","embeddable":true,"href":"https:\/\/duraznohoy.com\/index.php?rest_route=%2Fwp%2Fv2%2Ftags&post=28705"}],"curies":[{"name":"wp","href":"https:\/\/api.w.org\/{rel}","templated":true}]}}