{"id":29034,"date":"2022-01-19T21:08:54","date_gmt":"2022-01-20T00:08:54","guid":{"rendered":"http:\/\/duraznohoy.com\/?p=29034"},"modified":"2022-01-19T21:08:54","modified_gmt":"2022-01-20T00:08:54","slug":"hoy-se-suman-226-casos-de-covid","status":"publish","type":"post","link":"https:\/\/duraznohoy.com\/?p=29034","title":{"rendered":"Hoy se suman 226 casos de Covid"},"content":{"rendered":"<p><img loading=\"lazy\" decoding=\"async\" class=\"alignnone size-medium wp-image-29035\" src=\"https:\/\/duraznohoy.com\/wp-content\/uploads\/2022\/01\/SAVE_20220119_205743-300x667.jpg\" alt=\"\" width=\"300\" height=\"667\" srcset=\"https:\/\/duraznohoy.com\/wp-content\/uploads\/2022\/01\/SAVE_20220119_205743-300x667.jpg 300w, https:\/\/duraznohoy.com\/wp-content\/uploads\/2022\/01\/SAVE_20220119_205743-461x1024.jpg 461w, https:\/\/duraznohoy.com\/wp-content\/uploads\/2022\/01\/SAVE_20220119_205743-691x1536.jpg 691w, https:\/\/duraznohoy.com\/wp-content\/uploads\/2022\/01\/SAVE_20220119_205743.jpg 720w\" sizes=\"auto, (max-width: 300px) 100vw, 300px\" \/><\/p>\n<p>Con datos proporcionados por el Ministerio de Salud P\u00fablica y el Sistema Nacional de Emergencias, se confirman 228 casos positivos nuevos de Covid-19 en el departamento de Durazno en el d\u00eda de hoy.<\/p>\n<p>En todo el pa\u00eds se detectaron 11.714 nuevos casos de Coronavirus<br \/>\nCOVID-19. De los 11.714 casos nuevos, 5.170 son de Montevideo, 1.375 de Canelones, 1.031 de Maldonado, 441 de Rivera, 402 de Salto, 388 de Colonia, 378 de Rocha, 338 de Tacuaremb\u00f3, 333 de Soriano, 267 de Cerro Largo, 243 de San Jos\u00e9, 228 de Durazno, 228\u00a0 de Florida, 220 de Paysand\u00fa, 201 de Artigas, 186 de Lavalleja, 132 de Treinta y Tres, 83<br \/>\nde R\u00edo Negro y 70 de Flores.<\/p>\n<p>El s\u00e1bado 22 08:00 a 16:00 horas se vacunar\u00e1 a menores desde 12 a 18 a\u00f1os, primera y segunda dosis, mayores de 18 a\u00f1os, primera, segunda y tercera dosis.<\/p>\n<p>Calendario de vacunaci\u00f3n Pfizer en el interior del departamento para ni\u00f1os y adultos: La Paloma: Lunes 24 de enero, de 08:00 a 12:00 horas, Blanquillo: Lunes 24 de enero, de 14:00 a 17:00 horas, San Jorge: Martes 25 de enero, de 08:00 a 10:00 horas, Villa del Carmen: Martes 25 de enero, de 12:00 a 17:00 horas, Carlos Reyles: Mi\u00e9rcoles 26 de enero, de 08:00 a 11:00 horas, Centenario: Mi\u00e9rcoles 26 de enero, de 14:00 a 17:00 horas <\/p>\n","protected":false},"excerpt":{"rendered":"<p>Con datos proporcionados por el Ministerio de Salud P\u00fablica y el Sistema Nacional de Emergencias,&#8230;<\/p>\n","protected":false},"author":26,"featured_media":29035,"comment_status":"closed","ping_status":"closed","sticky":false,"template":"","format":"standard","meta":{"footnotes":"","jetpack_publicize_message":"{title}\n\n{excerpt}\n\n{url}","jetpack_publicize_feature_enabled":true,"jetpack_social_post_already_shared":true,"jetpack_social_options":{"image_generator_settings":{"template":"fullscreen","default_image_id":0,"font":"","enabled":false},"version":2},"_wpas_customize_per_network":false},"categories":[33],"tags":[],"class_list":["post-29034","post","type-post","status-publish","format-standard","has-post-thumbnail","hentry","category-actualidad"],"jetpack_publicize_connections":[],"_links":{"self":[{"href":"https:\/\/duraznohoy.com\/index.php?rest_route=\/wp\/v2\/posts\/29034","targetHints":{"allow":["GET"]}}],"collection":[{"href":"https:\/\/duraznohoy.com\/index.php?rest_route=\/wp\/v2\/posts"}],"about":[{"href":"https:\/\/duraznohoy.com\/index.php?rest_route=\/wp\/v2\/types\/post"}],"author":[{"embeddable":true,"href":"https:\/\/duraznohoy.com\/index.php?rest_route=\/wp\/v2\/users\/26"}],"replies":[{"embeddable":true,"href":"https:\/\/duraznohoy.com\/index.php?rest_route=%2Fwp%2Fv2%2Fcomments&post=29034"}],"version-history":[{"count":0,"href":"https:\/\/duraznohoy.com\/index.php?rest_route=\/wp\/v2\/posts\/29034\/revisions"}],"wp:featuredmedia":[{"embeddable":true,"href":"https:\/\/duraznohoy.com\/index.php?rest_route=\/wp\/v2\/media\/29035"}],"wp:attachment":[{"href":"https:\/\/duraznohoy.com\/index.php?rest_route=%2Fwp%2Fv2%2Fmedia&parent=29034"}],"wp:term":[{"taxonomy":"category","embeddable":true,"href":"https:\/\/duraznohoy.com\/index.php?rest_route=%2Fwp%2Fv2%2Fcategories&post=29034"},{"taxonomy":"post_tag","embeddable":true,"href":"https:\/\/duraznohoy.com\/index.php?rest_route=%2Fwp%2Fv2%2Ftags&post=29034"}],"curies":[{"name":"wp","href":"https:\/\/api.w.org\/{rel}","templated":true}]}}