{"id":29256,"date":"2022-02-01T19:56:57","date_gmt":"2022-02-01T22:56:57","guid":{"rendered":"http:\/\/duraznohoy.com\/?p=29256"},"modified":"2022-02-01T19:56:57","modified_gmt":"2022-02-01T22:56:57","slug":"repavimentacion-en-el-buem","status":"publish","type":"post","link":"https:\/\/duraznohoy.com\/?p=29256","title":{"rendered":"Repavimentaci\u00f3n en el BUEM"},"content":{"rendered":"<p><img loading=\"lazy\" decoding=\"async\" class=\"alignnone size-medium wp-image-29257\" src=\"https:\/\/duraznohoy.com\/wp-content\/uploads\/2022\/02\/SAVE_20220201_194810-300x225.jpg\" alt=\"\" width=\"300\" height=\"225\" srcset=\"https:\/\/duraznohoy.com\/wp-content\/uploads\/2022\/02\/SAVE_20220201_194810-300x225.jpg 300w, https:\/\/duraznohoy.com\/wp-content\/uploads\/2022\/02\/SAVE_20220201_194810-1024x768.jpg 1024w, https:\/\/duraznohoy.com\/wp-content\/uploads\/2022\/02\/SAVE_20220201_194810-768x576.jpg 768w, https:\/\/duraznohoy.com\/wp-content\/uploads\/2022\/02\/SAVE_20220201_194810-1536x1152.jpg 1536w, https:\/\/duraznohoy.com\/wp-content\/uploads\/2022\/02\/SAVE_20220201_194810.jpg 1600w\" sizes=\"auto, (max-width: 300px) 100vw, 300px\" \/><\/p>\n<p>Contin\u00faa desarroll\u00e1ndose la obra de repavimentaci\u00f3n de calles del barrio BUEM de la ciudad de Durazno. Esta obra representa una inversi\u00f3n de $ 8.217. 744.<\/p>\n<p>Los trabajos est\u00e1n a cargo de la empresa BAMILIR S.A. Se solicita a los conductores circular con precauci\u00f3n por la zona de influencia a la obra, en la que se encuentra trabajando personal y maquinaria, como as\u00ed tambi\u00e9n respetar la se\u00f1alizaci\u00f3n existente en el lugar.<\/p>\n<p>Se informa a los vecinos, que, debido a esta obra, por el transcurso de algunos d\u00edas, la calle Juan Polero, entre Antonio Orlando Giordano y continuaci\u00f3n Batlle, quedar\u00e1 cortada al tr\u00e1nsito de todo tipo de veh\u00edculos. <\/p>\n","protected":false},"excerpt":{"rendered":"<p>Contin\u00faa desarroll\u00e1ndose la obra de repavimentaci\u00f3n de calles del barrio BUEM de la ciudad de&#8230;<\/p>\n","protected":false},"author":26,"featured_media":29257,"comment_status":"closed","ping_status":"closed","sticky":false,"template":"","format":"standard","meta":{"footnotes":"","jetpack_publicize_message":"{title}\n\n{excerpt}\n\n{url}","jetpack_publicize_feature_enabled":true,"jetpack_social_post_already_shared":true,"jetpack_social_options":{"image_generator_settings":{"template":"fullscreen","default_image_id":0,"font":"","enabled":false},"version":2},"_wpas_customize_per_network":false},"categories":[33],"tags":[],"class_list":["post-29256","post","type-post","status-publish","format-standard","has-post-thumbnail","hentry","category-actualidad"],"jetpack_publicize_connections":[],"_links":{"self":[{"href":"https:\/\/duraznohoy.com\/index.php?rest_route=\/wp\/v2\/posts\/29256","targetHints":{"allow":["GET"]}}],"collection":[{"href":"https:\/\/duraznohoy.com\/index.php?rest_route=\/wp\/v2\/posts"}],"about":[{"href":"https:\/\/duraznohoy.com\/index.php?rest_route=\/wp\/v2\/types\/post"}],"author":[{"embeddable":true,"href":"https:\/\/duraznohoy.com\/index.php?rest_route=\/wp\/v2\/users\/26"}],"replies":[{"embeddable":true,"href":"https:\/\/duraznohoy.com\/index.php?rest_route=%2Fwp%2Fv2%2Fcomments&post=29256"}],"version-history":[{"count":0,"href":"https:\/\/duraznohoy.com\/index.php?rest_route=\/wp\/v2\/posts\/29256\/revisions"}],"wp:featuredmedia":[{"embeddable":true,"href":"https:\/\/duraznohoy.com\/index.php?rest_route=\/wp\/v2\/media\/29257"}],"wp:attachment":[{"href":"https:\/\/duraznohoy.com\/index.php?rest_route=%2Fwp%2Fv2%2Fmedia&parent=29256"}],"wp:term":[{"taxonomy":"category","embeddable":true,"href":"https:\/\/duraznohoy.com\/index.php?rest_route=%2Fwp%2Fv2%2Fcategories&post=29256"},{"taxonomy":"post_tag","embeddable":true,"href":"https:\/\/duraznohoy.com\/index.php?rest_route=%2Fwp%2Fv2%2Ftags&post=29256"}],"curies":[{"name":"wp","href":"https:\/\/api.w.org\/{rel}","templated":true}]}}