{"id":29260,"date":"2022-02-01T20:08:16","date_gmt":"2022-02-01T23:08:16","guid":{"rendered":"http:\/\/duraznohoy.com\/?p=29260"},"modified":"2022-02-01T20:08:16","modified_gmt":"2022-02-01T23:08:16","slug":"llamados-de-ute","status":"publish","type":"post","link":"https:\/\/duraznohoy.com\/?p=29260","title":{"rendered":"LLAMADOS DE UTE"},"content":{"rendered":"<h2>LLAMADO P\u00daBLICO ABIERTO N\u00b0920028 \u2013PERSONAS EN SITUACI\u00d3N DE DISCAPACIDAD<\/h2>\n<p>U.T.E. convoca a personas en situaci\u00f3n de discapacidad a participar de un concurso de oposici\u00f3n y m\u00e9ritos con el fin de proveer 23 plazas de funcionarios\/as para desempe\u00f1ar tareas administrativas en distintas unidades de la Administraci\u00f3n, con radicaci\u00f3n en: Montevideo (15), Canelones (1), Durazno (1), Maldonado (1), Paysand\u00fa (1), San Jos\u00e9 (1), Central Hidroel\u00e9ctrica: Constituci\u00f3n &#8211; Residencia: Mercedes (1), Central Hidroel\u00e9ctrica: Rinc\u00f3n del Bonete &#8211;<br \/>\nResidencia: Paso de los Toros (1) y Treinta y Tres (1).<\/p>\n<p><strong><u>\u00a0<\/u><\/strong><strong><u>Por BASES E INSCRIPCIONES<\/u><\/strong><\/p>\n<p>Los\/as interesados\/as deber\u00e1n inscribirse a trav\u00e9s del formulario que se encuentra en la p\u00e1gina web (<a href=\"http:\/\/www.ute.com.uy\/\">http:\/\/www.ute.com.uy<\/a>), donde recibir\u00e1n su <strong>N\u00b0 de Inscripci\u00f3n <\/strong>al momento de enviar el formulario, desde la hora 9:00 del 31\/01\/22 hasta la hora 16:00 del 18\/02\/22.<\/p>\n<p>&nbsp;<\/p>\n<p>Gerencia de Divisi\u00f3n Gesti\u00f3n Humana<\/p>\n<p>Gerencia de Sector Comunicaci\u00f3n Corporativa y Responsabilidad Social<\/p>\n<h2>LLAMADO P\u00daBLICO ABIERTO N\u00b0922001 \u2013PASANTES UTEC<\/h2>\n<p><strong><em>UTE<\/em><\/strong> convoca a los\/las ciudadanos\/as de la Rep\u00fablica egresados de UTEC, a participar de un concurso de oposici\u00f3n y m\u00e9ritos con el fin de desempe\u00f1ar tareas en la modalidad de <strong><u>PASANTES UTEC<\/u><\/strong> (12 CUPOS)<strong>, <\/strong>en distintas unidades de Administraci\u00f3n, con radicaci\u00f3n en: Montevideo (5), Canelones (3), Paysand\u00fa (2), San Jos\u00e9 (1) y Artigas (1).<\/p>\n<p><strong><u>\u00a0<\/u><\/strong><strong><u>Por BASES E INSCRIPCIONES<\/u><\/strong><\/p>\n<p>Los\/as interesados\/as deber\u00e1n inscribirse a trav\u00e9s del formulario que se encuentra en la p\u00e1gina web (<a href=\"http:\/\/www.ute.com.uy\/\">http:\/\/www.ute.com.uy<\/a>), donde recibir\u00e1n su <strong>N\u00b0 de Inscripci\u00f3n <\/strong>al momento de enviar el formulario, desde la hora 9:00 del 31\/01\/22 hasta la hora 16:00 del 18\/02\/22.<\/p>\n<p>&nbsp;<\/p>\n<p>Gerencia de Divisi\u00f3n Gesti\u00f3n Humana<\/p>\n<p>Gerencia de Sector Comunicaci\u00f3n Corporativa y Responsabilidad Social<\/p>\n<p>&nbsp; <\/p>\n","protected":false},"excerpt":{"rendered":"<p>LLAMADO P\u00daBLICO ABIERTO N\u00b0920028 \u2013PERSONAS EN SITUACI\u00d3N DE DISCAPACIDAD U.T.E. convoca a personas en situaci\u00f3n&#8230;<\/p>\n","protected":false},"author":1,"featured_media":15606,"comment_status":"closed","ping_status":"closed","sticky":false,"template":"","format":"standard","meta":{"footnotes":"","jetpack_publicize_message":"{title}\n\n{excerpt}\n\n{url}","jetpack_publicize_feature_enabled":true,"jetpack_social_post_already_shared":true,"jetpack_social_options":{"image_generator_settings":{"template":"fullscreen","default_image_id":0,"font":"","enabled":false},"version":2},"_wpas_customize_per_network":false},"categories":[136,37],"tags":[],"class_list":["post-29260","post","type-post","status-publish","format-standard","has-post-thumbnail","hentry","category-llamados","category-trabajo"],"jetpack_publicize_connections":[],"_links":{"self":[{"href":"https:\/\/duraznohoy.com\/index.php?rest_route=\/wp\/v2\/posts\/29260","targetHints":{"allow":["GET"]}}],"collection":[{"href":"https:\/\/duraznohoy.com\/index.php?rest_route=\/wp\/v2\/posts"}],"about":[{"href":"https:\/\/duraznohoy.com\/index.php?rest_route=\/wp\/v2\/types\/post"}],"author":[{"embeddable":true,"href":"https:\/\/duraznohoy.com\/index.php?rest_route=\/wp\/v2\/users\/1"}],"replies":[{"embeddable":true,"href":"https:\/\/duraznohoy.com\/index.php?rest_route=%2Fwp%2Fv2%2Fcomments&post=29260"}],"version-history":[{"count":0,"href":"https:\/\/duraznohoy.com\/index.php?rest_route=\/wp\/v2\/posts\/29260\/revisions"}],"wp:featuredmedia":[{"embeddable":true,"href":"https:\/\/duraznohoy.com\/index.php?rest_route=\/wp\/v2\/media\/15606"}],"wp:attachment":[{"href":"https:\/\/duraznohoy.com\/index.php?rest_route=%2Fwp%2Fv2%2Fmedia&parent=29260"}],"wp:term":[{"taxonomy":"category","embeddable":true,"href":"https:\/\/duraznohoy.com\/index.php?rest_route=%2Fwp%2Fv2%2Fcategories&post=29260"},{"taxonomy":"post_tag","embeddable":true,"href":"https:\/\/duraznohoy.com\/index.php?rest_route=%2Fwp%2Fv2%2Ftags&post=29260"}],"curies":[{"name":"wp","href":"https:\/\/api.w.org\/{rel}","templated":true}]}}