{"id":29263,"date":"2022-02-01T20:26:35","date_gmt":"2022-02-01T23:26:35","guid":{"rendered":"http:\/\/duraznohoy.com\/?p=29263"},"modified":"2022-02-01T20:26:35","modified_gmt":"2022-02-01T23:26:35","slug":"hoy-se-suman-280-casos-de-covid-en-durazno","status":"publish","type":"post","link":"https:\/\/duraznohoy.com\/?p=29263","title":{"rendered":"Hoy se suman 280 casos de Covid en Durazno"},"content":{"rendered":"<p><img loading=\"lazy\" decoding=\"async\" class=\"alignnone size-medium wp-image-29264\" src=\"https:\/\/duraznohoy.com\/wp-content\/uploads\/2022\/02\/SAVE_20220201_201934-300x667.jpg\" alt=\"\" width=\"300\" height=\"667\" srcset=\"https:\/\/duraznohoy.com\/wp-content\/uploads\/2022\/02\/SAVE_20220201_201934-300x667.jpg 300w, https:\/\/duraznohoy.com\/wp-content\/uploads\/2022\/02\/SAVE_20220201_201934-461x1024.jpg 461w, https:\/\/duraznohoy.com\/wp-content\/uploads\/2022\/02\/SAVE_20220201_201934-691x1536.jpg 691w, https:\/\/duraznohoy.com\/wp-content\/uploads\/2022\/02\/SAVE_20220201_201934.jpg 720w\" sizes=\"auto, (max-width: 300px) 100vw, 300px\" \/><\/p>\n<p>Con datos proporcionados por el Ministerio de Salud P\u00fablica y el Sistema Nacional de Emergencias, se confirman 280 casos positivos nuevos de Covid-19 en el departamento de Durazno en el d\u00eda de hoy.<\/p>\n<p>Hay 1178 personas cursando la infecci\u00f3n, 17 de ellas internadas; de las cuales una se encuentra en CTI.<\/p>\n<p>A nivel nacional hoy se llevaron a cabo 25.044 an\u00e1lisis y se detectaron 11.472 nuevos casos de Coronavirus COVID-19.<br \/>\nDe los 11.472 casos nuevos, 5.470 son de Montevideo, 1.554 de Canelones, 456 de<br \/>\nMaldonado, 460 de Colonia, 334 de Paysand\u00fa, 315 de Tacuaremb\u00f3, 293 de Soriano, 287 de Cerro Largo, 282 de R\u00edo Negro, 280 de Durazno, 259 de Salto, 244 de San Jos\u00e9, 224 de Rivera, 212 de Artigas, 183 de Rocha, 176 de Lavalleja, 169 de Florida, 146 de Treintay Tres y 128 de Flores. <\/p>\n","protected":false},"excerpt":{"rendered":"<p>Con datos proporcionados por el Ministerio de Salud P\u00fablica y el Sistema Nacional de Emergencias,&#8230;<\/p>\n","protected":false},"author":26,"featured_media":29264,"comment_status":"closed","ping_status":"closed","sticky":false,"template":"","format":"standard","meta":{"footnotes":"","jetpack_publicize_message":"{title}\n\n{excerpt}\n\n{url}","jetpack_publicize_feature_enabled":true,"jetpack_social_post_already_shared":true,"jetpack_social_options":{"image_generator_settings":{"template":"fullscreen","default_image_id":0,"font":"","enabled":false},"version":2},"_wpas_customize_per_network":false},"categories":[33],"tags":[],"class_list":["post-29263","post","type-post","status-publish","format-standard","has-post-thumbnail","hentry","category-actualidad"],"jetpack_publicize_connections":[],"_links":{"self":[{"href":"https:\/\/duraznohoy.com\/index.php?rest_route=\/wp\/v2\/posts\/29263","targetHints":{"allow":["GET"]}}],"collection":[{"href":"https:\/\/duraznohoy.com\/index.php?rest_route=\/wp\/v2\/posts"}],"about":[{"href":"https:\/\/duraznohoy.com\/index.php?rest_route=\/wp\/v2\/types\/post"}],"author":[{"embeddable":true,"href":"https:\/\/duraznohoy.com\/index.php?rest_route=\/wp\/v2\/users\/26"}],"replies":[{"embeddable":true,"href":"https:\/\/duraznohoy.com\/index.php?rest_route=%2Fwp%2Fv2%2Fcomments&post=29263"}],"version-history":[{"count":0,"href":"https:\/\/duraznohoy.com\/index.php?rest_route=\/wp\/v2\/posts\/29263\/revisions"}],"wp:featuredmedia":[{"embeddable":true,"href":"https:\/\/duraznohoy.com\/index.php?rest_route=\/wp\/v2\/media\/29264"}],"wp:attachment":[{"href":"https:\/\/duraznohoy.com\/index.php?rest_route=%2Fwp%2Fv2%2Fmedia&parent=29263"}],"wp:term":[{"taxonomy":"category","embeddable":true,"href":"https:\/\/duraznohoy.com\/index.php?rest_route=%2Fwp%2Fv2%2Fcategories&post=29263"},{"taxonomy":"post_tag","embeddable":true,"href":"https:\/\/duraznohoy.com\/index.php?rest_route=%2Fwp%2Fv2%2Ftags&post=29263"}],"curies":[{"name":"wp","href":"https:\/\/api.w.org\/{rel}","templated":true}]}}