{"id":29267,"date":"2022-02-01T22:43:24","date_gmt":"2022-02-02T01:43:24","guid":{"rendered":"http:\/\/duraznohoy.com\/?p=29267"},"modified":"2022-02-02T12:29:19","modified_gmt":"2022-02-02T15:29:19","slug":"acelerando","status":"publish","type":"post","link":"https:\/\/duraznohoy.com\/?p=29267","title":{"rendered":"Acelerando."},"content":{"rendered":"<figure id=\"attachment_29274\" aria-describedby=\"caption-attachment-29274\" style=\"width: 300px\" class=\"wp-caption alignright\"><img loading=\"lazy\" decoding=\"async\" class=\"size-medium wp-image-29274\" src=\"https:\/\/duraznohoy.com\/wp-content\/uploads\/2022\/02\/PUENTE-ARREGLO-300x200.jpg\" alt=\"\" width=\"300\" height=\"200\" srcset=\"https:\/\/duraznohoy.com\/wp-content\/uploads\/2022\/02\/PUENTE-ARREGLO-300x200.jpg 300w, https:\/\/duraznohoy.com\/wp-content\/uploads\/2022\/02\/PUENTE-ARREGLO-1024x683.jpg 1024w, https:\/\/duraznohoy.com\/wp-content\/uploads\/2022\/02\/PUENTE-ARREGLO-768x512.jpg 768w, https:\/\/duraznohoy.com\/wp-content\/uploads\/2022\/02\/PUENTE-ARREGLO-1536x1024.jpg 1536w, https:\/\/duraznohoy.com\/wp-content\/uploads\/2022\/02\/PUENTE-ARREGLO.jpg 2048w\" sizes=\"auto, (max-width: 300px) 100vw, 300px\" \/><figcaption id=\"caption-attachment-29274\" class=\"wp-caption-text\"><strong><em>Foto: Walter Andr\u00e9s Mart\u00ednez.<\/em><\/strong><\/figcaption><\/figure>\n<p><strong>El personal que est\u00e1 trabajando en las obras de ampliaci\u00f3n del puente sobre el r\u00edo Yi, en Durazno, comenzar\u00e1n a trabajar en doble horario.<\/strong><\/p>\n<p>Tras una charla entre el Intendente y el ministro de Obras P\u00fablicas, se acord\u00f3 que desde el 14 de febrero las empresas trabajar\u00e1n en doble horario en la obra del puente nuevo sobre ruta 5.<\/p>\n<p>Numerosos reclamos se ven\u00edan produciendo, especialmente tras el cierre del viejo puente por la crecida del Yi , por las largas esperas, en muchos casos superior a una hora, que deber\u00edan hacer los veh\u00edculos para cruzar el puente en refacci\u00f3n.<\/p>\n<p>Seg\u00fan los datos que se manejan, Carmelo Vidal\u00edn y Jos\u00e9 Luis Falero coincidieron en reuni\u00f3n mantenida este martes, de la necesidad de buscar una soluci\u00f3n a esta problem\u00e1tica y de ah\u00ed el anuncio que amerita esta informaci\u00f3n.<\/p>\n<p>Con la ampliaci\u00f3n del horario de los trabajos, se espera entregar la obra en el mes de abril. <\/p>\n","protected":false},"excerpt":{"rendered":"<p>El personal que est\u00e1 trabajando en las obras de ampliaci\u00f3n del puente sobre el r\u00edo&#8230;<\/p>\n","protected":false},"author":2,"featured_media":29268,"comment_status":"closed","ping_status":"closed","sticky":false,"template":"","format":"standard","meta":{"footnotes":"","jetpack_publicize_message":"{title}\n\n{excerpt}\n\n{url}","jetpack_publicize_feature_enabled":true,"jetpack_social_post_already_shared":true,"jetpack_social_options":{"image_generator_settings":{"template":"fullscreen","default_image_id":0,"font":"","enabled":false},"version":2},"_wpas_customize_per_network":false},"categories":[33],"tags":[],"class_list":["post-29267","post","type-post","status-publish","format-standard","has-post-thumbnail","hentry","category-actualidad"],"jetpack_publicize_connections":[],"_links":{"self":[{"href":"https:\/\/duraznohoy.com\/index.php?rest_route=\/wp\/v2\/posts\/29267","targetHints":{"allow":["GET"]}}],"collection":[{"href":"https:\/\/duraznohoy.com\/index.php?rest_route=\/wp\/v2\/posts"}],"about":[{"href":"https:\/\/duraznohoy.com\/index.php?rest_route=\/wp\/v2\/types\/post"}],"author":[{"embeddable":true,"href":"https:\/\/duraznohoy.com\/index.php?rest_route=\/wp\/v2\/users\/2"}],"replies":[{"embeddable":true,"href":"https:\/\/duraznohoy.com\/index.php?rest_route=%2Fwp%2Fv2%2Fcomments&post=29267"}],"version-history":[{"count":0,"href":"https:\/\/duraznohoy.com\/index.php?rest_route=\/wp\/v2\/posts\/29267\/revisions"}],"wp:featuredmedia":[{"embeddable":true,"href":"https:\/\/duraznohoy.com\/index.php?rest_route=\/wp\/v2\/media\/29268"}],"wp:attachment":[{"href":"https:\/\/duraznohoy.com\/index.php?rest_route=%2Fwp%2Fv2%2Fmedia&parent=29267"}],"wp:term":[{"taxonomy":"category","embeddable":true,"href":"https:\/\/duraznohoy.com\/index.php?rest_route=%2Fwp%2Fv2%2Fcategories&post=29267"},{"taxonomy":"post_tag","embeddable":true,"href":"https:\/\/duraznohoy.com\/index.php?rest_route=%2Fwp%2Fv2%2Ftags&post=29267"}],"curies":[{"name":"wp","href":"https:\/\/api.w.org\/{rel}","templated":true}]}}