{"id":29277,"date":"2022-02-02T13:26:40","date_gmt":"2022-02-02T16:26:40","guid":{"rendered":"http:\/\/duraznohoy.com\/?p=29277"},"modified":"2022-02-02T13:26:40","modified_gmt":"2022-02-02T16:26:40","slug":"se-suspendera-el-trabajo-rural-ante-eventos-meteorologicos-adversos","status":"publish","type":"post","link":"https:\/\/duraznohoy.com\/?p=29277","title":{"rendered":"Se suspender\u00e1 el trabajo rural ante eventos meteorol\u00f3gicos adversos."},"content":{"rendered":"<p><strong>El presidente Luis Lacalle Pou y el ministro de Trabajo y Seguridad Social, Pablo Mieres, firmaron este martes el decreto que refiere a la seguridad de los trabajadores en el medio rural ante fen\u00f3menos meteorol\u00f3gicos adversos, considerados como \u201ceventos atmosf\u00e9ricos capaces de producir de forma indirecta o indirecta da\u00f1os a personas o materiales.<\/strong><\/p>\n<p>El decreto\u00a0 se\u00f1ala que cuando existen fen\u00f3menos meteorol\u00f3gicos adversos como lluvias, vientos, tormentas el\u00e9ctricas u otros que, por su magnitud comprometan la seguridad de los trabajadores, se dispondr\u00e1 la suspensi\u00f3n de las tareas involucradas que conlleven riesgo. Esta decisi\u00f3n, seg\u00fan el decreto, ser\u00e1 aplicada por parte del empleador y este podr\u00e1 sustituir la tarea que implique un riesgo por otra que no, mientras persistan las condiciones.<\/p>\n<p>Asimismo, aprobaron un protocolo general que contiene medidas m\u00ednimas a adoptar y que se aplicar\u00e1 adecuado a la realidad de cada empresa, en funci\u00f3n de los fen\u00f3menos meteorol\u00f3gicos, las caracter\u00edsticas del establecimiento, del lugar o de la experiencia de la que se dispone en funci\u00f3n de la ocurrencia de los fen\u00f3menos.<\/p>\n<p>Seg\u00fan el protocolo ubicado en el decreto, ser\u00e1n los empresarios, encargados o capataces quienes deber\u00e1n difundir y hacer cumplir el protocolo y los trabajadores ser\u00e1n quien deben cumplir con las medidas dispuestas. Adem\u00e1s, el trabajador, entre otras cosas, deber\u00e1 tener conocimiento general de las condiciones del terreno donde trabaja, usar los elementos de protecci\u00f3n personal que se ajuste a las condiciones clim\u00e1ticas, evitar trabajos cercanos a \u00e1rboles o antenas durante una tormenta el\u00e9ctrica, y piden evitar el uso de herramientas met\u00e1licas manuales. <\/p>\n","protected":false},"excerpt":{"rendered":"<p>El presidente Luis Lacalle Pou y el ministro de Trabajo y Seguridad Social, Pablo Mieres,&#8230;<\/p>\n","protected":false},"author":2,"featured_media":29278,"comment_status":"closed","ping_status":"closed","sticky":false,"template":"","format":"standard","meta":{"footnotes":"","jetpack_publicize_message":"{title}\n\n{excerpt}\n\n{url}","jetpack_publicize_feature_enabled":true,"jetpack_social_post_already_shared":true,"jetpack_social_options":{"image_generator_settings":{"template":"fullscreen","default_image_id":0,"font":"","enabled":false},"version":2},"_wpas_customize_per_network":false},"categories":[33],"tags":[],"class_list":["post-29277","post","type-post","status-publish","format-standard","has-post-thumbnail","hentry","category-actualidad"],"jetpack_publicize_connections":[],"_links":{"self":[{"href":"https:\/\/duraznohoy.com\/index.php?rest_route=\/wp\/v2\/posts\/29277","targetHints":{"allow":["GET"]}}],"collection":[{"href":"https:\/\/duraznohoy.com\/index.php?rest_route=\/wp\/v2\/posts"}],"about":[{"href":"https:\/\/duraznohoy.com\/index.php?rest_route=\/wp\/v2\/types\/post"}],"author":[{"embeddable":true,"href":"https:\/\/duraznohoy.com\/index.php?rest_route=\/wp\/v2\/users\/2"}],"replies":[{"embeddable":true,"href":"https:\/\/duraznohoy.com\/index.php?rest_route=%2Fwp%2Fv2%2Fcomments&post=29277"}],"version-history":[{"count":0,"href":"https:\/\/duraznohoy.com\/index.php?rest_route=\/wp\/v2\/posts\/29277\/revisions"}],"wp:featuredmedia":[{"embeddable":true,"href":"https:\/\/duraznohoy.com\/index.php?rest_route=\/wp\/v2\/media\/29278"}],"wp:attachment":[{"href":"https:\/\/duraznohoy.com\/index.php?rest_route=%2Fwp%2Fv2%2Fmedia&parent=29277"}],"wp:term":[{"taxonomy":"category","embeddable":true,"href":"https:\/\/duraznohoy.com\/index.php?rest_route=%2Fwp%2Fv2%2Fcategories&post=29277"},{"taxonomy":"post_tag","embeddable":true,"href":"https:\/\/duraznohoy.com\/index.php?rest_route=%2Fwp%2Fv2%2Ftags&post=29277"}],"curies":[{"name":"wp","href":"https:\/\/api.w.org\/{rel}","templated":true}]}}