{"id":29285,"date":"2022-02-03T08:17:52","date_gmt":"2022-02-03T11:17:52","guid":{"rendered":"http:\/\/duraznohoy.com\/?p=29285"},"modified":"2022-02-03T08:17:52","modified_gmt":"2022-02-03T11:17:52","slug":"hospital-de-ojos-en-durazno","status":"publish","type":"post","link":"https:\/\/duraznohoy.com\/?p=29285","title":{"rendered":"Hospital de ojos en Durazno."},"content":{"rendered":"<p><strong>En Durazno es probable la instalaci\u00f3n de una dependencia del Hospital de ojos.<\/strong><\/p>\n<p>El tema estuvo presente en el encuentro de este mi\u00e9rcoles entre el Intendente Lic. Carmelo Vidalin y Leonardo Cipriani, principal de ASSE.<\/p>\n<p>En la charla se avanz\u00f3 en varios temas, entre ellos, la posibilidad cierta, de que Durazno sea la sede, de una de las tres dependencias del Hospital de Ojos, que se instalar\u00e1n pr\u00f3ximamente en el interior del pa\u00eds con el objetivo de descentralizar la atenci\u00f3n oftalmol\u00f3gica y mejorar la accesibilidad de los usuarios.<\/p>\n<p><strong><img loading=\"lazy\" decoding=\"async\" class=\" wp-image-29287 alignleft\" src=\"https:\/\/duraznohoy.com\/wp-content\/uploads\/2022\/02\/HOSPITAL-OJOS2-300x225.jpeg\" alt=\"\" width=\"279\" height=\"209\" srcset=\"https:\/\/duraznohoy.com\/wp-content\/uploads\/2022\/02\/HOSPITAL-OJOS2-300x225.jpeg 300w, https:\/\/duraznohoy.com\/wp-content\/uploads\/2022\/02\/HOSPITAL-OJOS2-1024x768.jpeg 1024w, https:\/\/duraznohoy.com\/wp-content\/uploads\/2022\/02\/HOSPITAL-OJOS2-768x576.jpeg 768w, https:\/\/duraznohoy.com\/wp-content\/uploads\/2022\/02\/HOSPITAL-OJOS2-1536x1152.jpeg 1536w, https:\/\/duraznohoy.com\/wp-content\/uploads\/2022\/02\/HOSPITAL-OJOS2.jpeg 1600w\" sizes=\"auto, (max-width: 279px) 100vw, 279px\" \/><\/strong>Cipriani, acompa\u00f1ado por el Dr. Marcelo Sosa -Vice Presidente de ASSE &#8211; y el Oftalm\u00f3logo Felipe Berta &#8211; director del Hospital de Ojos Jos\u00e9 Mart\u00ed &#8211;\u00a0 visit\u00f3 la Fundaci\u00f3n San Pedro, conociendo las instalaciones del block quir\u00fargico oftalmol\u00f3gico, como as\u00ed tambi\u00e9n otras dependencias del mismo, como la Gama C\u00e1mara SPECT, que realiza estudios funcionales de medicina nuclear. <\/p>\n","protected":false},"excerpt":{"rendered":"<p>En Durazno es probable la instalaci\u00f3n de una dependencia del Hospital de ojos. El tema&#8230;<\/p>\n","protected":false},"author":2,"featured_media":29286,"comment_status":"closed","ping_status":"closed","sticky":false,"template":"","format":"standard","meta":{"footnotes":"","jetpack_publicize_message":"{title}\n\n{excerpt}\n\n{url}","jetpack_publicize_feature_enabled":true,"jetpack_social_post_already_shared":true,"jetpack_social_options":{"image_generator_settings":{"template":"fullscreen","default_image_id":0,"font":"","enabled":false},"version":2},"_wpas_customize_per_network":false},"categories":[33,32],"tags":[],"class_list":["post-29285","post","type-post","status-publish","format-standard","has-post-thumbnail","hentry","category-actualidad","category-salud"],"jetpack_publicize_connections":[],"_links":{"self":[{"href":"https:\/\/duraznohoy.com\/index.php?rest_route=\/wp\/v2\/posts\/29285","targetHints":{"allow":["GET"]}}],"collection":[{"href":"https:\/\/duraznohoy.com\/index.php?rest_route=\/wp\/v2\/posts"}],"about":[{"href":"https:\/\/duraznohoy.com\/index.php?rest_route=\/wp\/v2\/types\/post"}],"author":[{"embeddable":true,"href":"https:\/\/duraznohoy.com\/index.php?rest_route=\/wp\/v2\/users\/2"}],"replies":[{"embeddable":true,"href":"https:\/\/duraznohoy.com\/index.php?rest_route=%2Fwp%2Fv2%2Fcomments&post=29285"}],"version-history":[{"count":0,"href":"https:\/\/duraznohoy.com\/index.php?rest_route=\/wp\/v2\/posts\/29285\/revisions"}],"wp:featuredmedia":[{"embeddable":true,"href":"https:\/\/duraznohoy.com\/index.php?rest_route=\/wp\/v2\/media\/29286"}],"wp:attachment":[{"href":"https:\/\/duraznohoy.com\/index.php?rest_route=%2Fwp%2Fv2%2Fmedia&parent=29285"}],"wp:term":[{"taxonomy":"category","embeddable":true,"href":"https:\/\/duraznohoy.com\/index.php?rest_route=%2Fwp%2Fv2%2Fcategories&post=29285"},{"taxonomy":"post_tag","embeddable":true,"href":"https:\/\/duraznohoy.com\/index.php?rest_route=%2Fwp%2Fv2%2Ftags&post=29285"}],"curies":[{"name":"wp","href":"https:\/\/api.w.org\/{rel}","templated":true}]}}