{"id":29292,"date":"2022-02-03T08:53:41","date_gmt":"2022-02-03T11:53:41","guid":{"rendered":"http:\/\/duraznohoy.com\/?p=29292"},"modified":"2022-02-03T09:07:58","modified_gmt":"2022-02-03T12:07:58","slug":"taller-en-el-2-y-curso-de-produccion-granjera-en-la-agraria","status":"publish","type":"post","link":"https:\/\/duraznohoy.com\/?p=29292","title":{"rendered":"Taller en el 2 y curso de producci\u00f3n granjera en la Agraria."},"content":{"rendered":"<p><strong>La Direcci\u00f3n del Liceo N.\u00ba 2 de Durazno llama a interesados en presentar proyectos en las \u00e1reas art\u00edsticas, tecnol\u00f3gicas, recreativas, de comunicaci\u00f3n, entre otras, para ser desempe\u00f1adas durante el a\u00f1o 2022 en la modalidad de Taller.<\/strong><\/p>\n<p>Los talleristas deber\u00e1n cumplir con los requisitos establecidos en los art\u00edculos 1 y 8 del Estatuto del funcionario docente.<\/p>\n<p>Per\u00edodo de recepci\u00f3n de proyectos y curr\u00edculos: desde el mi\u00e9rcoles 2 de febrero gasta el mi\u00e9rcoles 16 de febrero inclusive.<\/p>\n<p>\u00danica v\u00eda de recepci\u00f3n de la documentaci\u00f3n: liceo2duraznomail.com (Enviar todo en un \u00fanico documento PDF)<\/p>\n<p>Consultas: Tel.\u00a0 4362 7860 en horario matutino, con Direcci\u00f3n o Coordinador de Talleres<strong>.<\/strong><\/p>\n<p><strong>Cursos de producci\u00f3n granjera.<\/strong><\/p>\n<p>En Escuela Agraria Durazno \u00abIng. Agr. Ulises Ordaz\u00bb est\u00e1 abierta la inscripci\u00f3n al FPB de producci\u00f3n granjera para estudiantes de 14 a 18 a\u00f1os que tengan primaria completa o Ciclo b\u00e1sico incompleto.<\/p>\n<p>Es en el horario matutino, tienen \u00f3mnibus que los traslada ida y vuelta a la escuela agraria y cuentan con el almuerzo.<\/p>\n<p>Se necesitan m\u00ednimo 5 estudiantes m\u00e1s para abrir el curso.<\/p>\n<p>Pueden realizar la pre inscripci\u00f3n por el siguiente link:<\/p>\n<p>https:\/\/docs.google.com\/forms\/d\/e\/1FAIpQLSfR3vCysyvHbxnya09CzHfw9uzBAYpH_pBM1JV-2VgD2U-Wwg\/viewform?fbclid=IwAR1VZP8MOjmb_3OujtyBP4N2IMeBZEbjwqRL72CenFGVax79x-gFoFUe71I <\/p>\n","protected":false},"excerpt":{"rendered":"<p>La Direcci\u00f3n del Liceo N.\u00ba 2 de Durazno llama a interesados en presentar proyectos en&#8230;<\/p>\n","protected":false},"author":2,"featured_media":29297,"comment_status":"closed","ping_status":"closed","sticky":false,"template":"","format":"standard","meta":{"footnotes":"","jetpack_publicize_message":"{title}\n\n{excerpt}\n\n{url}","jetpack_publicize_feature_enabled":true,"jetpack_social_post_already_shared":true,"jetpack_social_options":{"image_generator_settings":{"template":"fullscreen","default_image_id":0,"font":"","enabled":false},"version":2},"_wpas_customize_per_network":false},"categories":[8],"tags":[],"class_list":["post-29292","post","type-post","status-publish","format-standard","has-post-thumbnail","hentry","category-educacion"],"jetpack_publicize_connections":[],"_links":{"self":[{"href":"https:\/\/duraznohoy.com\/index.php?rest_route=\/wp\/v2\/posts\/29292","targetHints":{"allow":["GET"]}}],"collection":[{"href":"https:\/\/duraznohoy.com\/index.php?rest_route=\/wp\/v2\/posts"}],"about":[{"href":"https:\/\/duraznohoy.com\/index.php?rest_route=\/wp\/v2\/types\/post"}],"author":[{"embeddable":true,"href":"https:\/\/duraznohoy.com\/index.php?rest_route=\/wp\/v2\/users\/2"}],"replies":[{"embeddable":true,"href":"https:\/\/duraznohoy.com\/index.php?rest_route=%2Fwp%2Fv2%2Fcomments&post=29292"}],"version-history":[{"count":0,"href":"https:\/\/duraznohoy.com\/index.php?rest_route=\/wp\/v2\/posts\/29292\/revisions"}],"wp:featuredmedia":[{"embeddable":true,"href":"https:\/\/duraznohoy.com\/index.php?rest_route=\/wp\/v2\/media\/29297"}],"wp:attachment":[{"href":"https:\/\/duraznohoy.com\/index.php?rest_route=%2Fwp%2Fv2%2Fmedia&parent=29292"}],"wp:term":[{"taxonomy":"category","embeddable":true,"href":"https:\/\/duraznohoy.com\/index.php?rest_route=%2Fwp%2Fv2%2Fcategories&post=29292"},{"taxonomy":"post_tag","embeddable":true,"href":"https:\/\/duraznohoy.com\/index.php?rest_route=%2Fwp%2Fv2%2Ftags&post=29292"}],"curies":[{"name":"wp","href":"https:\/\/api.w.org\/{rel}","templated":true}]}}