{"id":29294,"date":"2022-02-03T09:05:50","date_gmt":"2022-02-03T12:05:50","guid":{"rendered":"http:\/\/duraznohoy.com\/?p=29294"},"modified":"2022-02-03T09:05:50","modified_gmt":"2022-02-03T12:05:50","slug":"estudiantes-de-enfermeria-y-medicina-en-apoyo-al-primer-nivel-de-atencion","status":"publish","type":"post","link":"https:\/\/duraznohoy.com\/?p=29294","title":{"rendered":"Estudiantes de enfermer\u00eda y medicina en apoyo al primer nivel de atenci\u00f3n."},"content":{"rendered":"<p style=\"text-align: right;\"><strong>El ministro de Salud P\u00fablica, Daniel Salinas, firm\u00f3 este mi\u00e9rcoles un decreto en que se habilita el apoyo por parte de estudiantes de medicina y enfermer\u00eda en tareas de baja complejidad en el primer nivel de atenci\u00f3n, <em>\u201cen especial en urgencias y primer nivel de atenci\u00f3n bajo supervisi\u00f3n\u201d<\/em><\/strong>.<\/p>\n<p>El documento se\u00f1ala que en <em><strong>\u201cla actual situaci\u00f3n epidemiol\u00f3gica\u201d<\/strong><\/em> con <strong><em>\u201cun alto nivel de circulaci\u00f3n comunitaria del virus SARS-CoV-2\u201d el \u201csector de enfermer\u00eda que se desempe\u00f1a en la puerta de emergencia es uno de los que presenta mayor \u00edndice de positividad, resinti\u00e9ndose el funcionamiento del servicio\u201d.<\/em><\/strong><\/p>\n<p>Para desempe\u00f1ar las tareas, <em>los estudiantes deber\u00e1n acreditar tener el titulo intermedio de la Licenciatura en Enfermer\u00eda, estar cursando la carrera de profesionalizaci\u00f3n de Auxiliar de Enfermer\u00eda o ser estudiante de Medicina con 4\u00b0 a\u00f1o aprobado.<\/em><\/p>\n<p>Deber\u00e1n ser los prestadores de salud que opten por contratar trabajadores con esos requisitos los que deber\u00e1n solicitar la documentaci\u00f3n que acredite ese nivel de formaci\u00f3n, aunque el Ministerio de Salud P\u00fabica (MSP) genera un sistema de registro en l\u00ednea.<\/p>\n<p>&nbsp; <\/p>\n","protected":false},"excerpt":{"rendered":"<p>El ministro de Salud P\u00fablica, Daniel Salinas, firm\u00f3 este mi\u00e9rcoles un decreto en que se&#8230;<\/p>\n","protected":false},"author":2,"featured_media":29295,"comment_status":"closed","ping_status":"closed","sticky":false,"template":"","format":"standard","meta":{"footnotes":"","jetpack_publicize_message":"{title}\n\n{excerpt}\n\n{url}","jetpack_publicize_feature_enabled":true,"jetpack_social_post_already_shared":true,"jetpack_social_options":{"image_generator_settings":{"template":"fullscreen","default_image_id":0,"font":"","enabled":false},"version":2},"_wpas_customize_per_network":false},"categories":[32],"tags":[],"class_list":["post-29294","post","type-post","status-publish","format-standard","has-post-thumbnail","hentry","category-salud"],"jetpack_publicize_connections":[],"_links":{"self":[{"href":"https:\/\/duraznohoy.com\/index.php?rest_route=\/wp\/v2\/posts\/29294","targetHints":{"allow":["GET"]}}],"collection":[{"href":"https:\/\/duraznohoy.com\/index.php?rest_route=\/wp\/v2\/posts"}],"about":[{"href":"https:\/\/duraznohoy.com\/index.php?rest_route=\/wp\/v2\/types\/post"}],"author":[{"embeddable":true,"href":"https:\/\/duraznohoy.com\/index.php?rest_route=\/wp\/v2\/users\/2"}],"replies":[{"embeddable":true,"href":"https:\/\/duraznohoy.com\/index.php?rest_route=%2Fwp%2Fv2%2Fcomments&post=29294"}],"version-history":[{"count":0,"href":"https:\/\/duraznohoy.com\/index.php?rest_route=\/wp\/v2\/posts\/29294\/revisions"}],"wp:featuredmedia":[{"embeddable":true,"href":"https:\/\/duraznohoy.com\/index.php?rest_route=\/wp\/v2\/media\/29295"}],"wp:attachment":[{"href":"https:\/\/duraznohoy.com\/index.php?rest_route=%2Fwp%2Fv2%2Fmedia&parent=29294"}],"wp:term":[{"taxonomy":"category","embeddable":true,"href":"https:\/\/duraznohoy.com\/index.php?rest_route=%2Fwp%2Fv2%2Fcategories&post=29294"},{"taxonomy":"post_tag","embeddable":true,"href":"https:\/\/duraznohoy.com\/index.php?rest_route=%2Fwp%2Fv2%2Ftags&post=29294"}],"curies":[{"name":"wp","href":"https:\/\/api.w.org\/{rel}","templated":true}]}}