{"id":29298,"date":"2022-02-03T10:50:09","date_gmt":"2022-02-03T13:50:09","guid":{"rendered":"http:\/\/duraznohoy.com\/?p=29298"},"modified":"2022-02-03T10:50:09","modified_gmt":"2022-02-03T13:50:09","slug":"por-la-6-hasta-brasil","status":"publish","type":"post","link":"https:\/\/duraznohoy.com\/?p=29298","title":{"rendered":"Por la 6 hasta Brasil."},"content":{"rendered":"<p><strong>El n\u00famero dos de la cartera de Transporte y Obras P\u00fablicas inform\u00f3 sobre el avance de las construcciones en el tramo norte de la doble v\u00eda de la ruta 5, entre el kil\u00f3metro 43 y la ciudad de Durazno y sobre la ruta 6 que pasa por nuestro departamento.<\/strong><\/p>\n<p>El subsecretario de Transporte y Obras P\u00fablicas, Juan Jos\u00e9 Olaizola, inform\u00f3 que la inversi\u00f3n en obras viales dispuesta para este 2022 es de 870 millones de d\u00f3lares.<\/p>\n<p>En lo referente a la Ruta 5 dijo <strong><em>\u201cque se llam\u00f3 a licitaci\u00f3n para los dos segmentos centrales y que est\u00e1n por comenzar las mejoras en el tramo sur\u201d. <\/em><\/strong><\/p>\n<p>Por otra parte, inform\u00f3 se realizar\u00e1n obras en la ruta 6, que llegar\u00e1n hasta la 27, y precis\u00f3 que esta iniciativa y la de la ruta 5 son compromisos asumidos por el presidente de la Rep\u00fablica, Luis Lacalle Pou, con los vecinos del noreste del pa\u00eds<strong><em>. \u201cPr\u00e1cticamente, llegaremos con la ruta 6 hasta la frontera con Brasil\u201d<\/em><\/strong>, dijo.<\/p>\n<p>&nbsp;<\/p>\n<p>&nbsp; <\/p>\n","protected":false},"excerpt":{"rendered":"<p>El n\u00famero dos de la cartera de Transporte y Obras P\u00fablicas inform\u00f3 sobre el avance&#8230;<\/p>\n","protected":false},"author":2,"featured_media":29299,"comment_status":"closed","ping_status":"closed","sticky":false,"template":"","format":"standard","meta":{"footnotes":"","jetpack_publicize_message":"{title}\n\n{excerpt}\n\n{url}","jetpack_publicize_feature_enabled":true,"jetpack_social_post_already_shared":true,"jetpack_social_options":{"image_generator_settings":{"template":"fullscreen","default_image_id":0,"font":"","enabled":false},"version":2},"_wpas_customize_per_network":false},"categories":[137],"tags":[],"class_list":["post-29298","post","type-post","status-publish","format-standard","has-post-thumbnail","hentry","category-vialidad"],"jetpack_publicize_connections":[],"_links":{"self":[{"href":"https:\/\/duraznohoy.com\/index.php?rest_route=\/wp\/v2\/posts\/29298","targetHints":{"allow":["GET"]}}],"collection":[{"href":"https:\/\/duraznohoy.com\/index.php?rest_route=\/wp\/v2\/posts"}],"about":[{"href":"https:\/\/duraznohoy.com\/index.php?rest_route=\/wp\/v2\/types\/post"}],"author":[{"embeddable":true,"href":"https:\/\/duraznohoy.com\/index.php?rest_route=\/wp\/v2\/users\/2"}],"replies":[{"embeddable":true,"href":"https:\/\/duraznohoy.com\/index.php?rest_route=%2Fwp%2Fv2%2Fcomments&post=29298"}],"version-history":[{"count":0,"href":"https:\/\/duraznohoy.com\/index.php?rest_route=\/wp\/v2\/posts\/29298\/revisions"}],"wp:featuredmedia":[{"embeddable":true,"href":"https:\/\/duraznohoy.com\/index.php?rest_route=\/wp\/v2\/media\/29299"}],"wp:attachment":[{"href":"https:\/\/duraznohoy.com\/index.php?rest_route=%2Fwp%2Fv2%2Fmedia&parent=29298"}],"wp:term":[{"taxonomy":"category","embeddable":true,"href":"https:\/\/duraznohoy.com\/index.php?rest_route=%2Fwp%2Fv2%2Fcategories&post=29298"},{"taxonomy":"post_tag","embeddable":true,"href":"https:\/\/duraznohoy.com\/index.php?rest_route=%2Fwp%2Fv2%2Ftags&post=29298"}],"curies":[{"name":"wp","href":"https:\/\/api.w.org\/{rel}","templated":true}]}}