{"id":29301,"date":"2022-02-03T11:18:36","date_gmt":"2022-02-03T14:18:36","guid":{"rendered":"http:\/\/duraznohoy.com\/?p=29301"},"modified":"2022-02-03T11:18:36","modified_gmt":"2022-02-03T14:18:36","slug":"si-tiene-dudas","status":"publish","type":"post","link":"https:\/\/duraznohoy.com\/?p=29301","title":{"rendered":"Si tiene dudas."},"content":{"rendered":"<p><strong>Dirigentes locales y nacionales intensifican las respectivas campa\u00f1as por el SI y el NO para el plebiscito por la Ley de Urgente consideraci\u00f3n.<\/strong><\/p>\n<p>Los de la papeleta celeste (NO) realizan varios actos en la jornada de este jueves. Por la ma\u00f1ana, con participaci\u00f3n entre otros Beatriz Argim\u00f3n, Luis Heber, Sebasti\u00e1n Da Silva, Sergio Botana, Jorge Gandini, Carlos Camy, Carmen Asia\u00edn, Juan Rodr\u00edguez, Diego Echeverr\u00eda estuvieron en La Paloma, Cerro Chato, Blanquillo y Carlos Reyles para continuar por la tarde a las 14.30 en San Jorge, a las 15.00 en Villa del Carmen, a las 15.30 en Aguas Buenas, a las 19.00 en Sarand\u00ed del Yi y a la misma hora un acto final en la esquina de \u201cla Picada\u201d.<\/p>\n<p><strong>La rosada.<\/strong><\/p>\n<p>Integrantes de la Comisi\u00f3n Departamental pro VOTO SI hoy van a Sarand\u00ed del Y\u00ed para mantener reuniones con la comisi\u00f3n local, para programar actividades.<\/p>\n<p>El pr\u00f3ximo s\u00e1bado se har\u00e1 una barriada a las 19 horas partiendo del local central del FA.<\/p>\n<p>El domingo se har\u00e1 desde las 17 horas en Las Higueras. <\/p>\n","protected":false},"excerpt":{"rendered":"<p>Dirigentes locales y nacionales intensifican las respectivas campa\u00f1as por el SI y el NO para&#8230;<\/p>\n","protected":false},"author":2,"featured_media":29302,"comment_status":"closed","ping_status":"closed","sticky":false,"template":"","format":"standard","meta":{"footnotes":"","jetpack_publicize_message":"{title}\n\n{excerpt}\n\n{url}","jetpack_publicize_feature_enabled":true,"jetpack_social_post_already_shared":true,"jetpack_social_options":{"image_generator_settings":{"template":"fullscreen","default_image_id":0,"font":"","enabled":false},"version":2},"_wpas_customize_per_network":false},"categories":[5],"tags":[],"class_list":["post-29301","post","type-post","status-publish","format-standard","has-post-thumbnail","hentry","category-politica"],"jetpack_publicize_connections":[],"_links":{"self":[{"href":"https:\/\/duraznohoy.com\/index.php?rest_route=\/wp\/v2\/posts\/29301","targetHints":{"allow":["GET"]}}],"collection":[{"href":"https:\/\/duraznohoy.com\/index.php?rest_route=\/wp\/v2\/posts"}],"about":[{"href":"https:\/\/duraznohoy.com\/index.php?rest_route=\/wp\/v2\/types\/post"}],"author":[{"embeddable":true,"href":"https:\/\/duraznohoy.com\/index.php?rest_route=\/wp\/v2\/users\/2"}],"replies":[{"embeddable":true,"href":"https:\/\/duraznohoy.com\/index.php?rest_route=%2Fwp%2Fv2%2Fcomments&post=29301"}],"version-history":[{"count":0,"href":"https:\/\/duraznohoy.com\/index.php?rest_route=\/wp\/v2\/posts\/29301\/revisions"}],"wp:featuredmedia":[{"embeddable":true,"href":"https:\/\/duraznohoy.com\/index.php?rest_route=\/wp\/v2\/media\/29302"}],"wp:attachment":[{"href":"https:\/\/duraznohoy.com\/index.php?rest_route=%2Fwp%2Fv2%2Fmedia&parent=29301"}],"wp:term":[{"taxonomy":"category","embeddable":true,"href":"https:\/\/duraznohoy.com\/index.php?rest_route=%2Fwp%2Fv2%2Fcategories&post=29301"},{"taxonomy":"post_tag","embeddable":true,"href":"https:\/\/duraznohoy.com\/index.php?rest_route=%2Fwp%2Fv2%2Ftags&post=29301"}],"curies":[{"name":"wp","href":"https:\/\/api.w.org\/{rel}","templated":true}]}}