{"id":29564,"date":"2022-02-04T13:52:48","date_gmt":"2022-02-04T16:52:48","guid":{"rendered":"http:\/\/duraznohoy.com\/?p=29564"},"modified":"2022-02-04T13:52:48","modified_gmt":"2022-02-04T16:52:48","slug":"comercializando-estupefacientes-2","status":"publish","type":"post","link":"https:\/\/duraznohoy.com\/?p=29564","title":{"rendered":"Comercializando estupefacientes."},"content":{"rendered":"<p><strong>Un hombre fue a la c\u00e1rcel al hall\u00e1rsele autor del delito de comercializaci\u00f3n de estupefacientes, seg\u00fan lo inform\u00f3 este viernes Jefatura de Polic\u00eda.<\/strong><\/p>\n<p>\u201cPr\u00f3ximo a la hora 19:00 del d\u00eda lunes pr\u00f3ximo pasado, mediante tareas de observaci\u00f3n del personal del Centro de Comando Unificado Departamental conjuntamente con la Brigada Departamental Anti Drogas y la Direcci\u00f3n de Investigaciones, se logr\u00f3 determinar que una persona se encontraba comercializando sustancias estupefacientes en jurisdicci\u00f3n de Comisaria 1era. En el decurso del procedimiento, se obtuvieron las evidencias probatorias, logr\u00e1ndose la detenci\u00f3n de un masculino mayor de edad, incaut\u00e1ndose marihuana, dinero, 2 celulares y una moto. En todo momento estuvo enterada de los hechos la fiscal\u00eda competente. Conducido ante la justicia competente al t\u00e9rmino de la audiencia se dispuso la formalizaci\u00f3n de la investigaci\u00f3n donde por sentencia N.\u00ba 13\/2022, se lo <strong>condeno \u201ccomo autor penalmente responsable de reiterados delitos de suministro de sustancias estupefacientes prohibidas en reiteraci\u00f3n real\u201d, a la pena de 2 a\u00f1os de penitenciaria<\/strong>.\u201d<\/p>\n","protected":false},"excerpt":{"rendered":"<p>Un hombre fue a la c\u00e1rcel al hall\u00e1rsele autor del delito de comercializaci\u00f3n de estupefacientes,&#8230;<\/p>\n","protected":false},"author":2,"featured_media":29565,"comment_status":"closed","ping_status":"closed","sticky":false,"template":"","format":"standard","meta":{"footnotes":"","jetpack_publicize_message":"{title}\n\n{excerpt}\n\n{url}","jetpack_publicize_feature_enabled":true,"jetpack_social_post_already_shared":true,"jetpack_social_options":{"image_generator_settings":{"template":"fullscreen","default_image_id":0,"font":"","enabled":false},"version":2},"_wpas_customize_per_network":false},"categories":[21],"tags":[],"class_list":["post-29564","post","type-post","status-publish","format-standard","has-post-thumbnail","hentry","category-policiales"],"jetpack_publicize_connections":[],"_links":{"self":[{"href":"https:\/\/duraznohoy.com\/index.php?rest_route=\/wp\/v2\/posts\/29564","targetHints":{"allow":["GET"]}}],"collection":[{"href":"https:\/\/duraznohoy.com\/index.php?rest_route=\/wp\/v2\/posts"}],"about":[{"href":"https:\/\/duraznohoy.com\/index.php?rest_route=\/wp\/v2\/types\/post"}],"author":[{"embeddable":true,"href":"https:\/\/duraznohoy.com\/index.php?rest_route=\/wp\/v2\/users\/2"}],"replies":[{"embeddable":true,"href":"https:\/\/duraznohoy.com\/index.php?rest_route=%2Fwp%2Fv2%2Fcomments&post=29564"}],"version-history":[{"count":0,"href":"https:\/\/duraznohoy.com\/index.php?rest_route=\/wp\/v2\/posts\/29564\/revisions"}],"wp:featuredmedia":[{"embeddable":true,"href":"https:\/\/duraznohoy.com\/index.php?rest_route=\/wp\/v2\/media\/29565"}],"wp:attachment":[{"href":"https:\/\/duraznohoy.com\/index.php?rest_route=%2Fwp%2Fv2%2Fmedia&parent=29564"}],"wp:term":[{"taxonomy":"category","embeddable":true,"href":"https:\/\/duraznohoy.com\/index.php?rest_route=%2Fwp%2Fv2%2Fcategories&post=29564"},{"taxonomy":"post_tag","embeddable":true,"href":"https:\/\/duraznohoy.com\/index.php?rest_route=%2Fwp%2Fv2%2Ftags&post=29564"}],"curies":[{"name":"wp","href":"https:\/\/api.w.org\/{rel}","templated":true}]}}