{"id":29712,"date":"2022-02-10T19:59:42","date_gmt":"2022-02-10T22:59:42","guid":{"rendered":"http:\/\/duraznohoy.com\/?p=29712"},"modified":"2022-02-10T19:59:42","modified_gmt":"2022-02-10T22:59:42","slug":"durazno-en-las-llamadas-capitalinas","status":"publish","type":"post","link":"https:\/\/duraznohoy.com\/?p=29712","title":{"rendered":"Durazno en las Llamadas capitalinas."},"content":{"rendered":"<p><strong>Con la presencia de Afrocan entre las 25 comparsas que desfilar\u00e1n en la noche de este jueves, se inicia una nueva edici\u00f3n de las Llamadas de Montevideo.<\/strong><\/p>\n<p>La comparsa duraznense estar\u00e1 desfilando sobre el final de la primera etapa, en el lugar n\u00famero 23.<\/p>\n<figure id=\"attachment_29714\" aria-describedby=\"caption-attachment-29714\" style=\"width: 300px\" class=\"wp-caption alignright\"><img loading=\"lazy\" decoding=\"async\" class=\"size-medium wp-image-29714\" src=\"https:\/\/duraznohoy.com\/wp-content\/uploads\/2022\/02\/RUGIR-300x132.jpg\" alt=\"\" width=\"300\" height=\"132\" srcset=\"https:\/\/duraznohoy.com\/wp-content\/uploads\/2022\/02\/RUGIR-300x132.jpg 300w, https:\/\/duraznohoy.com\/wp-content\/uploads\/2022\/02\/RUGIR.jpg 746w\" sizes=\"auto, (max-width: 300px) 100vw, 300px\" \/><figcaption id=\"caption-attachment-29714\" class=\"wp-caption-text\"><em><strong>Rugir del Varona.<\/strong><\/em><\/figcaption><\/figure>\n<p>Ma\u00f1ana viernes ser\u00e1 el turno de <strong>\u201cRugir de tambores\u201d<\/strong> agrupaci\u00f3n de nuestra ciudad que estar\u00e1 desfilando en el lugar 21.<\/p>\n<p>En esta edici\u00f3n, ser\u00e1n cincuenta las comparsas participantes que recorrer\u00e1n la calle Isla de Flores desde Zelmar Michelini hasta Minas desde las 20 horas.<\/p>\n<p>Desde Durazno Hoy deseamos una destacada participaci\u00f3n a las agrupaciones locales que se han venido preparando intensamente para intervenir en esta instancia.<\/p>\n","protected":false},"excerpt":{"rendered":"<p>Con la presencia de Afrocan entre las 25 comparsas que desfilar\u00e1n en la noche de&#8230;<\/p>\n","protected":false},"author":2,"featured_media":29713,"comment_status":"closed","ping_status":"closed","sticky":false,"template":"","format":"standard","meta":{"footnotes":"","jetpack_publicize_message":"{title}\n\n{excerpt}\n\n{url}","jetpack_publicize_feature_enabled":true,"jetpack_social_post_already_shared":true,"jetpack_social_options":{"image_generator_settings":{"template":"fullscreen","default_image_id":0,"font":"","enabled":false},"version":2},"_wpas_customize_per_network":false},"categories":[33,48],"tags":[],"class_list":["post-29712","post","type-post","status-publish","format-standard","has-post-thumbnail","hentry","category-actualidad","category-llamadas"],"jetpack_publicize_connections":[],"_links":{"self":[{"href":"https:\/\/duraznohoy.com\/index.php?rest_route=\/wp\/v2\/posts\/29712","targetHints":{"allow":["GET"]}}],"collection":[{"href":"https:\/\/duraznohoy.com\/index.php?rest_route=\/wp\/v2\/posts"}],"about":[{"href":"https:\/\/duraznohoy.com\/index.php?rest_route=\/wp\/v2\/types\/post"}],"author":[{"embeddable":true,"href":"https:\/\/duraznohoy.com\/index.php?rest_route=\/wp\/v2\/users\/2"}],"replies":[{"embeddable":true,"href":"https:\/\/duraznohoy.com\/index.php?rest_route=%2Fwp%2Fv2%2Fcomments&post=29712"}],"version-history":[{"count":0,"href":"https:\/\/duraznohoy.com\/index.php?rest_route=\/wp\/v2\/posts\/29712\/revisions"}],"wp:featuredmedia":[{"embeddable":true,"href":"https:\/\/duraznohoy.com\/index.php?rest_route=\/wp\/v2\/media\/29713"}],"wp:attachment":[{"href":"https:\/\/duraznohoy.com\/index.php?rest_route=%2Fwp%2Fv2%2Fmedia&parent=29712"}],"wp:term":[{"taxonomy":"category","embeddable":true,"href":"https:\/\/duraznohoy.com\/index.php?rest_route=%2Fwp%2Fv2%2Fcategories&post=29712"},{"taxonomy":"post_tag","embeddable":true,"href":"https:\/\/duraznohoy.com\/index.php?rest_route=%2Fwp%2Fv2%2Ftags&post=29712"}],"curies":[{"name":"wp","href":"https:\/\/api.w.org\/{rel}","templated":true}]}}