{"id":29739,"date":"2022-02-11T11:13:51","date_gmt":"2022-02-11T14:13:51","guid":{"rendered":"http:\/\/duraznohoy.com\/?p=29739"},"modified":"2022-02-11T11:13:51","modified_gmt":"2022-02-11T14:13:51","slug":"dr-julio-laborde","status":"publish","type":"post","link":"https:\/\/duraznohoy.com\/?p=29739","title":{"rendered":"Dr. Julio Laborde"},"content":{"rendered":"<figure id=\"attachment_29741\" aria-describedby=\"caption-attachment-29741\" style=\"width: 300px\" class=\"wp-caption alignright\"><img loading=\"lazy\" decoding=\"async\" class=\"size-medium wp-image-29741\" src=\"https:\/\/duraznohoy.com\/wp-content\/uploads\/2022\/02\/negativo-miercoles20220211_11030841-300x205.jpg\" alt=\"\" width=\"300\" height=\"205\" srcset=\"https:\/\/duraznohoy.com\/wp-content\/uploads\/2022\/02\/negativo-miercoles20220211_11030841-300x205.jpg 300w, https:\/\/duraznohoy.com\/wp-content\/uploads\/2022\/02\/negativo-miercoles20220211_11030841-768x525.jpg 768w, https:\/\/duraznohoy.com\/wp-content\/uploads\/2022\/02\/negativo-miercoles20220211_11030841.jpg 978w\" sizes=\"auto, (max-width: 300px) 100vw, 300px\" \/><figcaption id=\"caption-attachment-29741\" class=\"wp-caption-text\"><em><strong>El Dr. Laborde tras recibir su \u00abCharr\u00faa de Oro\u00bb Santiago Chalar.<\/strong><\/em><\/figcaption><\/figure>\n<p>Falleci\u00f3 en las \u00faltimas horas el Dr. Julio Laborde, de dilatada trayectoria en \u00e1mbitos tales como la Intendencia Departamental, el Club Wanderers y la Liga de F\u00fatbol \u201cCiudad de Durazno\u201d.<\/p>\n<p>En la Comuna fue durante muchos a\u00f1os secretario general y desde ese cargo, integrante de distintas Comisiones, entre ellas, la del Festival Nacional de Folclore.<\/p>\n<p>En lo deportivo, de estrecha vinculaci\u00f3n con el Club Wanderers del cual fue presidente y colaborador permanente siempre.<\/p>\n<p>Llamado a dirigir la Liga de F\u00fatbol durante un per\u00edodo, logr\u00f3 en el mismo la compra del local que actualmente es Sede de la Liga, terminando as\u00ed los tiempos en que las asambleas de clubes no ten\u00edan un lugar f\u00edsico para sesionar.<\/p>\n<p>Su presidencia no se extendi\u00f3 lo que su capacidad y entrega indicaba, porque los clubes no le perdonaron que no aceptara comprar un resultado Canelones \u2013 Durazno, que lleg\u00f3 a ofrecerse desde la cancha misma, en pleno partido. Y se retir\u00f3 en silencio.<\/p>\n<p>Pero en su casa, no se neg\u00f3 nunca al asesoramiento a dirigentes que le buscaban por saber de sus conocimientos y de que siempre respond\u00eda afirmativamente a las consultas.<\/p>\n<p>El Dr. Julio Laborde vivi\u00f3 sus \u00faltimos a\u00f1os casi en el anonimato. Su muerte, deber\u00eda repercutir en todos los ambientes en los que supo ser protagonista.<\/p>\n<p>El velatorio de sus restos se efect\u00faa en Sala de Organizaci\u00f3n Centrosur de calle 19 de abril 824 en el horario comprendido entre las 15.00 y 17.00 horas.<\/p>\n<p><em><u>Foto principal de archivo VDR PRODUCCIONES.<\/u><\/em><\/p>\n<p><em><u>Foto ilustrativa: archivo Durazno Hoy. <\/u><\/em><\/p>\n<p>&nbsp;<\/p>\n<p>&nbsp;<\/p>\n","protected":false},"excerpt":{"rendered":"<p>Falleci\u00f3 en las \u00faltimas horas el Dr. Julio Laborde, de dilatada trayectoria en \u00e1mbitos tales&#8230;<\/p>\n","protected":false},"author":2,"featured_media":29740,"comment_status":"closed","ping_status":"closed","sticky":false,"template":"","format":"standard","meta":{"footnotes":"","jetpack_publicize_message":"{title}\n\n{excerpt}\n\n{url}","jetpack_publicize_feature_enabled":true,"jetpack_social_post_already_shared":true,"jetpack_social_options":{"image_generator_settings":{"template":"fullscreen","default_image_id":0,"font":"","enabled":false},"version":2},"_wpas_customize_per_network":false},"categories":[17,11],"tags":[],"class_list":["post-29739","post","type-post","status-publish","format-standard","has-post-thumbnail","hentry","category-deceso","category-opinion"],"jetpack_publicize_connections":[],"_links":{"self":[{"href":"https:\/\/duraznohoy.com\/index.php?rest_route=\/wp\/v2\/posts\/29739","targetHints":{"allow":["GET"]}}],"collection":[{"href":"https:\/\/duraznohoy.com\/index.php?rest_route=\/wp\/v2\/posts"}],"about":[{"href":"https:\/\/duraznohoy.com\/index.php?rest_route=\/wp\/v2\/types\/post"}],"author":[{"embeddable":true,"href":"https:\/\/duraznohoy.com\/index.php?rest_route=\/wp\/v2\/users\/2"}],"replies":[{"embeddable":true,"href":"https:\/\/duraznohoy.com\/index.php?rest_route=%2Fwp%2Fv2%2Fcomments&post=29739"}],"version-history":[{"count":0,"href":"https:\/\/duraznohoy.com\/index.php?rest_route=\/wp\/v2\/posts\/29739\/revisions"}],"wp:featuredmedia":[{"embeddable":true,"href":"https:\/\/duraznohoy.com\/index.php?rest_route=\/wp\/v2\/media\/29740"}],"wp:attachment":[{"href":"https:\/\/duraznohoy.com\/index.php?rest_route=%2Fwp%2Fv2%2Fmedia&parent=29739"}],"wp:term":[{"taxonomy":"category","embeddable":true,"href":"https:\/\/duraznohoy.com\/index.php?rest_route=%2Fwp%2Fv2%2Fcategories&post=29739"},{"taxonomy":"post_tag","embeddable":true,"href":"https:\/\/duraznohoy.com\/index.php?rest_route=%2Fwp%2Fv2%2Ftags&post=29739"}],"curies":[{"name":"wp","href":"https:\/\/api.w.org\/{rel}","templated":true}]}}