{"id":29993,"date":"2022-02-24T20:07:24","date_gmt":"2022-02-24T23:07:24","guid":{"rendered":"http:\/\/duraznohoy.com\/?p=29993"},"modified":"2022-02-24T20:07:24","modified_gmt":"2022-02-24T23:07:24","slug":"embajadora-de-gran-bretana-en-durazno","status":"publish","type":"post","link":"https:\/\/duraznohoy.com\/?p=29993","title":{"rendered":"Embajadora de Gran Breta\u00f1a en Durazno"},"content":{"rendered":"<p><img loading=\"lazy\" decoding=\"async\" class=\"alignnone size-medium wp-image-29994\" src=\"https:\/\/duraznohoy.com\/wp-content\/uploads\/2022\/02\/Intendente-Lic.-Carmelo-Vidalin-y-la-Embajadora-de-Gran-Bretana-Faye-O-Connor-4-300x225.jpeg\" alt=\"\" width=\"300\" height=\"225\" srcset=\"https:\/\/duraznohoy.com\/wp-content\/uploads\/2022\/02\/Intendente-Lic.-Carmelo-Vidalin-y-la-Embajadora-de-Gran-Bretana-Faye-O-Connor-4-300x225.jpeg 300w, https:\/\/duraznohoy.com\/wp-content\/uploads\/2022\/02\/Intendente-Lic.-Carmelo-Vidalin-y-la-Embajadora-de-Gran-Bretana-Faye-O-Connor-4-768x576.jpeg 768w, https:\/\/duraznohoy.com\/wp-content\/uploads\/2022\/02\/Intendente-Lic.-Carmelo-Vidalin-y-la-Embajadora-de-Gran-Bretana-Faye-O-Connor-4.jpeg 1024w\" sizes=\"auto, (max-width: 300px) 100vw, 300px\" \/><\/p>\n<p align=\"JUSTIFY\"><span style=\"color: #000000\"><span style=\"font-family: Arial, sans-serif\"><span style=\"font-size: small\">El Intendente Lic. Carmelo Vidal\u00edn, recibi\u00f3 en visita oficial al departamento de Durazno, a la se\u00f1ora Embajadora de Gran Breta\u00f1a en Uruguay, Faye O&#8217;Connor.<\/span><\/span><\/span><\/p>\n<p align=\"JUSTIFY\"><span style=\"color: #000000\"><span style=\"font-family: Arial, sans-serif\"><span style=\"font-size: small\">Ambas autoridades desplegaron una agenda de trabajo que incluy\u00f3 visitas a distintos puntos de la ciudad, entre otros, el Bioparque, el Parque de la Hispanidad, espacios culturales, etc, previendo ma\u00f1ana trasladarse a la localidad de San Jorge, zona que en sus or\u00edgenes fue de gran arraigo de inmigrantes provenientes de esa parte de Europa.<\/span><\/span><\/span><\/p>\n","protected":false},"excerpt":{"rendered":"<p>El Intendente Lic. Carmelo Vidal\u00edn, recibi\u00f3 en visita oficial al departamento de Durazno, a la&#8230;<\/p>\n","protected":false},"author":26,"featured_media":29994,"comment_status":"closed","ping_status":"closed","sticky":false,"template":"","format":"standard","meta":{"footnotes":"","jetpack_publicize_message":"{title}\n\n{excerpt}\n\n{url}","jetpack_publicize_feature_enabled":true,"jetpack_social_post_already_shared":true,"jetpack_social_options":{"image_generator_settings":{"template":"fullscreen","default_image_id":0,"font":"","enabled":false},"version":2},"_wpas_customize_per_network":false},"categories":[33],"tags":[],"class_list":["post-29993","post","type-post","status-publish","format-standard","has-post-thumbnail","hentry","category-actualidad"],"jetpack_publicize_connections":[],"_links":{"self":[{"href":"https:\/\/duraznohoy.com\/index.php?rest_route=\/wp\/v2\/posts\/29993","targetHints":{"allow":["GET"]}}],"collection":[{"href":"https:\/\/duraznohoy.com\/index.php?rest_route=\/wp\/v2\/posts"}],"about":[{"href":"https:\/\/duraznohoy.com\/index.php?rest_route=\/wp\/v2\/types\/post"}],"author":[{"embeddable":true,"href":"https:\/\/duraznohoy.com\/index.php?rest_route=\/wp\/v2\/users\/26"}],"replies":[{"embeddable":true,"href":"https:\/\/duraznohoy.com\/index.php?rest_route=%2Fwp%2Fv2%2Fcomments&post=29993"}],"version-history":[{"count":0,"href":"https:\/\/duraznohoy.com\/index.php?rest_route=\/wp\/v2\/posts\/29993\/revisions"}],"wp:featuredmedia":[{"embeddable":true,"href":"https:\/\/duraznohoy.com\/index.php?rest_route=\/wp\/v2\/media\/29994"}],"wp:attachment":[{"href":"https:\/\/duraznohoy.com\/index.php?rest_route=%2Fwp%2Fv2%2Fmedia&parent=29993"}],"wp:term":[{"taxonomy":"category","embeddable":true,"href":"https:\/\/duraznohoy.com\/index.php?rest_route=%2Fwp%2Fv2%2Fcategories&post=29993"},{"taxonomy":"post_tag","embeddable":true,"href":"https:\/\/duraznohoy.com\/index.php?rest_route=%2Fwp%2Fv2%2Ftags&post=29993"}],"curies":[{"name":"wp","href":"https:\/\/api.w.org\/{rel}","templated":true}]}}