{"id":30404,"date":"2022-03-15T14:13:12","date_gmt":"2022-03-15T17:13:12","guid":{"rendered":"http:\/\/duraznohoy.com\/?p=30404"},"modified":"2022-03-15T14:13:12","modified_gmt":"2022-03-15T17:13:12","slug":"abel-el-28-y-festival-en-primavera","status":"publish","type":"post","link":"https:\/\/duraznohoy.com\/?p=30404","title":{"rendered":"Abel el 28 y Festival en primavera."},"content":{"rendered":"<p><strong>Abel Pintos se presentar\u00e1 en Durazno en espect\u00e1culo gratuito el 28 de marzo y el 48\u00ba Festival Nacional de Folclore se cumplir\u00e1 en setiembre.<\/strong><\/p>\n<p>El Intendente Vidal\u00edn as\u00ed lo confirm\u00f3 en la ma\u00f1ana de hoy en conferencia de prensa en la que estuvo acompa\u00f1ado por sus principales asesores y representantes de la Sociedad Criolla \u00abCarlos Reyles\u00bb.<\/p>\n<p>El lunes 28 de marzo a la hora 19:00 en el Parque del Bicentenario actuar\u00e1n Jorge Gonz\u00e1lez y su banda Pueblo, Marcos Ortiz y su grupo, la Banda del Bicentenario y sobre las 21:00 se presentar\u00e1 el cantautor argentino con su gira \u201cEl Amor de mi vida\u201d, un show de dos horas de duraci\u00f3n.<br \/>\nEl espect\u00e1culo ser\u00e1 con entrada gratuita para todo el p\u00fablico.<\/p>\n<p><strong>Festival<\/strong><\/p>\n<p>El 48\u00ba Festival Nacional de Folclore y el 21er.\u00a0 Encuentro Gaucho, se desarrollar\u00e1 el viernes 23, s\u00e1bado 24 y domingo 25 de setiembre en el Parque de La Hispanidad, para lo cual se est\u00e1 trabajando en la confirmaci\u00f3n de la llegada de un artista de gran convocatoria.<\/p>\n<p>&nbsp;<\/p>\n<p>&nbsp;<\/p>\n","protected":false},"excerpt":{"rendered":"<p>Abel Pintos se presentar\u00e1 en Durazno en espect\u00e1culo gratuito el 28 de marzo y el&#8230;<\/p>\n","protected":false},"author":2,"featured_media":30406,"comment_status":"closed","ping_status":"closed","sticky":false,"template":"","format":"standard","meta":{"footnotes":"","jetpack_publicize_message":"{title}\n\n{excerpt}\n\n{url}","jetpack_publicize_feature_enabled":true,"jetpack_social_post_already_shared":true,"jetpack_social_options":{"image_generator_settings":{"template":"fullscreen","default_image_id":0,"font":"","enabled":false},"version":2},"_wpas_customize_per_network":false},"categories":[33],"tags":[],"class_list":["post-30404","post","type-post","status-publish","format-standard","has-post-thumbnail","hentry","category-actualidad"],"jetpack_publicize_connections":[],"_links":{"self":[{"href":"https:\/\/duraznohoy.com\/index.php?rest_route=\/wp\/v2\/posts\/30404","targetHints":{"allow":["GET"]}}],"collection":[{"href":"https:\/\/duraznohoy.com\/index.php?rest_route=\/wp\/v2\/posts"}],"about":[{"href":"https:\/\/duraznohoy.com\/index.php?rest_route=\/wp\/v2\/types\/post"}],"author":[{"embeddable":true,"href":"https:\/\/duraznohoy.com\/index.php?rest_route=\/wp\/v2\/users\/2"}],"replies":[{"embeddable":true,"href":"https:\/\/duraznohoy.com\/index.php?rest_route=%2Fwp%2Fv2%2Fcomments&post=30404"}],"version-history":[{"count":0,"href":"https:\/\/duraznohoy.com\/index.php?rest_route=\/wp\/v2\/posts\/30404\/revisions"}],"wp:featuredmedia":[{"embeddable":true,"href":"https:\/\/duraznohoy.com\/index.php?rest_route=\/wp\/v2\/media\/30406"}],"wp:attachment":[{"href":"https:\/\/duraznohoy.com\/index.php?rest_route=%2Fwp%2Fv2%2Fmedia&parent=30404"}],"wp:term":[{"taxonomy":"category","embeddable":true,"href":"https:\/\/duraznohoy.com\/index.php?rest_route=%2Fwp%2Fv2%2Fcategories&post=30404"},{"taxonomy":"post_tag","embeddable":true,"href":"https:\/\/duraznohoy.com\/index.php?rest_route=%2Fwp%2Fv2%2Ftags&post=30404"}],"curies":[{"name":"wp","href":"https:\/\/api.w.org\/{rel}","templated":true}]}}