{"id":30426,"date":"2022-03-16T09:59:19","date_gmt":"2022-03-16T12:59:19","guid":{"rendered":"http:\/\/duraznohoy.com\/?p=30426"},"modified":"2022-03-16T09:59:19","modified_gmt":"2022-03-16T12:59:19","slug":"jornales-solidarios-hasta-fines-de-mayo","status":"publish","type":"post","link":"https:\/\/duraznohoy.com\/?p=30426","title":{"rendered":"Jornales solidarios hasta fines de mayo."},"content":{"rendered":"<p><strong>El Congreso de Intendentes aprob\u00f3 el documento de evaluaci\u00f3n del Programa Oportunidad Laboral (conocido tambi\u00e9n como jornales solidarios). All\u00ed \u201cse recogen los impactos positivos tanto en t\u00e9rminos de implementaci\u00f3n como de resultados\u201d, a la vez que \u201cse agradece al gobierno nacional la sensibilidad y asignaci\u00f3n de recursos para una experiencia de este tipo\u201d.<\/strong><\/p>\n<p>Asimismo, se decidi\u00f3 que ser\u00e1n utilizados los fondos remanentes de este programa para darle continuidad hasta el 31 de mayo. <em><strong>\u00abCon un saldo que hay pendiente de la disponibilidad que hab\u00eda para estos jornales solidarios, el saldo surge de los jornales que, al reliquidarlos, algunos van renunciando antes entonces ah\u00ed queda un saldo disponible\u00bb,<\/strong> <\/em>explic\u00f3\u00a0 el presidente del Congreso de Intendentes, Guillermo L\u00f3pez.<\/p>\n<p>No obstante, explic\u00f3 que este monto <strong>\u00abno llega a cubrir\u00bb<\/strong> todo el per\u00edodo de extensi\u00f3n, por lo que<strong><em> \u00ablo que haga falta, cada gobierno departamental se har\u00e1 cargo de los jornaleros activos que tiene su departamento de la diferencia que no cubra el fondo hasta llegar al 31 de mayo\u00bb,<\/em><\/strong> sostuvo.<\/p>\n<p><strong><em>\u00abSi un gobierno departamental entiende que no tiene los recursos o la disponibilidad presupuestal, etc., se suspender\u00e1 cuando el Fondo Covid se haya agotado\u00bb<\/em><\/strong>, se\u00f1al\u00f3, ya que el dinero se extrae de este instrumento.<\/p>\n<p>El monto exacto a\u00fan no est\u00e1 determinado, sino que se sabr\u00e1 el 1.\u00ba de abril, un d\u00eda despu\u00e9s de la fecha original de cierre del programa. <em><strong>\u00abNuestras proyecciones indican que el Fondo Covid dar\u00eda para un mes y algo m\u00e1s\u00bb<\/strong><\/em>, apunt\u00f3 L\u00f3pez, que cubrir\u00e1 a los 11.000 jornaleros activos \u2014aproximadamente\u2014 al d\u00eda de hoy.<\/p>\n<p>Finalmente, en la jornada el Congreso de Intendentes dictamin\u00f3 que se continuar\u00e1n realizando gestiones <em><strong>\u201cpara implementar un nuevo Plan de Oportunidad Laboral, destinado a los sectores de m\u00e1s dif\u00edcil inserci\u00f3n\u201d.<\/strong><\/em> Esta iniciativa se ajustar\u00e1 a la realidad actual <strong><em>\u201cen t\u00e9rminos de recuperaci\u00f3n del empleo y desarrollo econ\u00f3mico\u201d y mantendr\u00e1 el \u00e9nfasis \u201cen la atenci\u00f3n a las poblaciones m\u00e1s vulnerables\u201d<\/em><\/strong>, de acuerdo con el texto.<\/p>\n<p><em><strong>\u00abEstamos dialogando para hacer una nueva edici\u00f3n en otra coyuntura m\u00e1s asociada al invierno pero en una edici\u00f3n nueva\u00bb<\/strong><\/em>, sostuvo su presidente.<\/p>\n<p>Fuente: Montevideo Portal.<\/p>\n","protected":false},"excerpt":{"rendered":"<p>El Congreso de Intendentes aprob\u00f3 el documento de evaluaci\u00f3n del Programa Oportunidad Laboral (conocido tambi\u00e9n&#8230;<\/p>\n","protected":false},"author":2,"featured_media":30427,"comment_status":"closed","ping_status":"closed","sticky":false,"template":"","format":"standard","meta":{"footnotes":"","jetpack_publicize_message":"{title}\n\n{excerpt}\n\n{url}","jetpack_publicize_feature_enabled":true,"jetpack_social_post_already_shared":true,"jetpack_social_options":{"image_generator_settings":{"template":"fullscreen","default_image_id":0,"font":"","enabled":false},"version":2},"_wpas_customize_per_network":false},"categories":[33],"tags":[],"class_list":["post-30426","post","type-post","status-publish","format-standard","has-post-thumbnail","hentry","category-actualidad"],"jetpack_publicize_connections":[],"_links":{"self":[{"href":"https:\/\/duraznohoy.com\/index.php?rest_route=\/wp\/v2\/posts\/30426","targetHints":{"allow":["GET"]}}],"collection":[{"href":"https:\/\/duraznohoy.com\/index.php?rest_route=\/wp\/v2\/posts"}],"about":[{"href":"https:\/\/duraznohoy.com\/index.php?rest_route=\/wp\/v2\/types\/post"}],"author":[{"embeddable":true,"href":"https:\/\/duraznohoy.com\/index.php?rest_route=\/wp\/v2\/users\/2"}],"replies":[{"embeddable":true,"href":"https:\/\/duraznohoy.com\/index.php?rest_route=%2Fwp%2Fv2%2Fcomments&post=30426"}],"version-history":[{"count":0,"href":"https:\/\/duraznohoy.com\/index.php?rest_route=\/wp\/v2\/posts\/30426\/revisions"}],"wp:featuredmedia":[{"embeddable":true,"href":"https:\/\/duraznohoy.com\/index.php?rest_route=\/wp\/v2\/media\/30427"}],"wp:attachment":[{"href":"https:\/\/duraznohoy.com\/index.php?rest_route=%2Fwp%2Fv2%2Fmedia&parent=30426"}],"wp:term":[{"taxonomy":"category","embeddable":true,"href":"https:\/\/duraznohoy.com\/index.php?rest_route=%2Fwp%2Fv2%2Fcategories&post=30426"},{"taxonomy":"post_tag","embeddable":true,"href":"https:\/\/duraznohoy.com\/index.php?rest_route=%2Fwp%2Fv2%2Ftags&post=30426"}],"curies":[{"name":"wp","href":"https:\/\/api.w.org\/{rel}","templated":true}]}}