{"id":30641,"date":"2022-03-26T08:55:14","date_gmt":"2022-03-26T11:55:14","guid":{"rendered":"http:\/\/duraznohoy.com\/?p=30641"},"modified":"2022-03-26T08:55:14","modified_gmt":"2022-03-26T11:55:14","slug":"durazno-rubik","status":"publish","type":"post","link":"https:\/\/duraznohoy.com\/?p=30641","title":{"rendered":"Durazno Rubik"},"content":{"rendered":"<p><img loading=\"lazy\" decoding=\"async\" class=\"alignnone size-medium wp-image-30642\" src=\"https:\/\/duraznohoy.com\/wp-content\/uploads\/2022\/03\/SAVE_20220326_085124-300x424.jpg\" alt=\"\" width=\"300\" height=\"424\" srcset=\"https:\/\/duraznohoy.com\/wp-content\/uploads\/2022\/03\/SAVE_20220326_085124-300x424.jpg 300w, https:\/\/duraznohoy.com\/wp-content\/uploads\/2022\/03\/SAVE_20220326_085124-724x1024.jpg 724w, https:\/\/duraznohoy.com\/wp-content\/uploads\/2022\/03\/SAVE_20220326_085124-768x1086.jpg 768w, https:\/\/duraznohoy.com\/wp-content\/uploads\/2022\/03\/SAVE_20220326_085124-1087x1536.jpg 1087w, https:\/\/duraznohoy.com\/wp-content\/uploads\/2022\/03\/SAVE_20220326_085124-1024x1447.jpg 1024w, https:\/\/duraznohoy.com\/wp-content\/uploads\/2022\/03\/SAVE_20220326_085124.jpg 1132w\" sizes=\"auto, (max-width: 300px) 100vw, 300px\" \/><\/p>\n<p>Organizado por Ignacio Sallaberry y su restaurante vegetariano \u00abTranquila La Vaca\u00bb hoy se lleva adelante la jornada de Durazno al Cubo en el Paseo de los Artesanos.<\/p>\n<p>Habr\u00e1 dos destacados cubers uruguayos con r\u00e9cord a nivel nacional y latinoamericano que dar\u00e1n charlas y demostraciones.<\/p>\n<p>La actividad ser\u00e1 de 15 a 18 en el Paseo ubicado frente a Plaza Sarandi, con entrada libre.<\/p>\n<p>&nbsp;<\/p>\n","protected":false},"excerpt":{"rendered":"<p>Organizado por Ignacio Sallaberry y su restaurante vegetariano \u00abTranquila La Vaca\u00bb hoy se lleva adelante&#8230;<\/p>\n","protected":false},"author":26,"featured_media":30642,"comment_status":"closed","ping_status":"closed","sticky":false,"template":"","format":"standard","meta":{"footnotes":"","jetpack_publicize_message":"{title}\n\n{excerpt}\n\n{url}","jetpack_publicize_feature_enabled":true,"jetpack_social_post_already_shared":true,"jetpack_social_options":{"image_generator_settings":{"template":"fullscreen","default_image_id":0,"font":"","enabled":false},"version":2},"_wpas_customize_per_network":false},"categories":[33],"tags":[],"class_list":["post-30641","post","type-post","status-publish","format-standard","has-post-thumbnail","hentry","category-actualidad"],"jetpack_publicize_connections":[],"_links":{"self":[{"href":"https:\/\/duraznohoy.com\/index.php?rest_route=\/wp\/v2\/posts\/30641","targetHints":{"allow":["GET"]}}],"collection":[{"href":"https:\/\/duraznohoy.com\/index.php?rest_route=\/wp\/v2\/posts"}],"about":[{"href":"https:\/\/duraznohoy.com\/index.php?rest_route=\/wp\/v2\/types\/post"}],"author":[{"embeddable":true,"href":"https:\/\/duraznohoy.com\/index.php?rest_route=\/wp\/v2\/users\/26"}],"replies":[{"embeddable":true,"href":"https:\/\/duraznohoy.com\/index.php?rest_route=%2Fwp%2Fv2%2Fcomments&post=30641"}],"version-history":[{"count":0,"href":"https:\/\/duraznohoy.com\/index.php?rest_route=\/wp\/v2\/posts\/30641\/revisions"}],"wp:featuredmedia":[{"embeddable":true,"href":"https:\/\/duraznohoy.com\/index.php?rest_route=\/wp\/v2\/media\/30642"}],"wp:attachment":[{"href":"https:\/\/duraznohoy.com\/index.php?rest_route=%2Fwp%2Fv2%2Fmedia&parent=30641"}],"wp:term":[{"taxonomy":"category","embeddable":true,"href":"https:\/\/duraznohoy.com\/index.php?rest_route=%2Fwp%2Fv2%2Fcategories&post=30641"},{"taxonomy":"post_tag","embeddable":true,"href":"https:\/\/duraznohoy.com\/index.php?rest_route=%2Fwp%2Fv2%2Ftags&post=30641"}],"curies":[{"name":"wp","href":"https:\/\/api.w.org\/{rel}","templated":true}]}}