{"id":30644,"date":"2022-03-26T11:02:42","date_gmt":"2022-03-26T14:02:42","guid":{"rendered":"http:\/\/duraznohoy.com\/?p=30644"},"modified":"2022-03-26T11:02:42","modified_gmt":"2022-03-26T14:02:42","slug":"el-voto-es-preciado-es-la-herramienta-sin-violencia-mas-poderosa-que-tenemos-en-una-sociedad-democratica-y-debemos-usarla","status":"publish","type":"post","link":"https:\/\/duraznohoy.com\/?p=30644","title":{"rendered":"\u201cEl voto es preciado. Es la herramienta sin violencia m\u00e1s poderosa que tenemos en una sociedad democr\u00e1tica y debemos usarla\u201d."},"content":{"rendered":"<p><strong><img loading=\"lazy\" decoding=\"async\" class=\"wp-image-30645 alignright\" src=\"https:\/\/duraznohoy.com\/wp-content\/uploads\/2022\/03\/ACTO-REFE-300x400.jpeg\" alt=\"\" width=\"167\" height=\"223\" srcset=\"https:\/\/duraznohoy.com\/wp-content\/uploads\/2022\/03\/ACTO-REFE-300x400.jpeg 300w, https:\/\/duraznohoy.com\/wp-content\/uploads\/2022\/03\/ACTO-REFE-768x1024.jpeg 768w, https:\/\/duraznohoy.com\/wp-content\/uploads\/2022\/03\/ACTO-REFE-1152x1536.jpeg 1152w, https:\/\/duraznohoy.com\/wp-content\/uploads\/2022\/03\/ACTO-REFE-1024x1365.jpeg 1024w, https:\/\/duraznohoy.com\/wp-content\/uploads\/2022\/03\/ACTO-REFE.jpeg 1200w\" sizes=\"auto, (max-width: 167px) 100vw, 167px\" \/> Personal de la Oficina Electoral de Durazno trabaja activamente en la ma\u00f1ana de este s\u00e1bado, en los procedimientos relacionados con el env\u00edo de toda la documentaci\u00f3n que se utiliza en los distintos circuitos del departamentao, de cara al acto de refer\u00e9ndum contra 135 art\u00edculos de la LUC que se cumplir\u00e1 este domingo 27 de marzo.\u00a0<\/strong><\/p>\n<p><strong><img loading=\"lazy\" decoding=\"async\" class=\"wp-image-30646 alignright\" src=\"https:\/\/duraznohoy.com\/wp-content\/uploads\/2022\/03\/ACTO-REFE2-300x225.jpeg\" alt=\"\" width=\"217\" height=\"163\" srcset=\"https:\/\/duraznohoy.com\/wp-content\/uploads\/2022\/03\/ACTO-REFE2-300x225.jpeg 300w, https:\/\/duraznohoy.com\/wp-content\/uploads\/2022\/03\/ACTO-REFE2-1024x768.jpeg 1024w, https:\/\/duraznohoy.com\/wp-content\/uploads\/2022\/03\/ACTO-REFE2-768x576.jpeg 768w, https:\/\/duraznohoy.com\/wp-content\/uploads\/2022\/03\/ACTO-REFE2-1536x1152.jpeg 1536w, https:\/\/duraznohoy.com\/wp-content\/uploads\/2022\/03\/ACTO-REFE2.jpeg 1600w\" sizes=\"auto, (max-width: 217px) 100vw, 217px\" \/><\/strong>El horario de votaci\u00f3n ser\u00e1 de 8 a 19:30 hs. La documentaci\u00f3n requerida para sufragar es la Credencial C\u00edvica. De no contar con el documento f\u00edsico se podr\u00e1 sufragar enunciando nombre y apellido e indicando serie y n\u00famero de credencial.<\/p>\n<p>El voto ser\u00e1 secreto y obligatorio para todos los habilitados, no habiendo l\u00edmite de edad. A tales efectos las comisiones receptoras de votos expedir\u00e1n la constancia que acredite la emisi\u00f3n del sufragio.<\/p>\n<p>Quienes deseen hacer lugar al recurso se pronunciar\u00e1n por \u201cSI \u201cutilizando una hoja de color rosado, que llevar\u00e1 impresa en tinta negra el escudo nacional, la expresi\u00f3n \u201cSI\u201d en forma destacada, la leyenda \u201cVoto por SI el recurso de refer\u00e9ndum contra 135 art\u00edculos de la ley N\u00ba19.889 de 9 de julio de 2020\u201d y la fecha de celebraci\u00f3n del acto de refer\u00e9ndum.<\/p>\n<p>Quienes deseen no hacer lugar al recurso se pronunciar\u00e1n por \u201cNO \u201cutilizando una hoja de color celeste, que llevar\u00e1 impresa en tinta negra el escudo nacional, la expresi\u00f3n \u201cNO\u201d en forma destacada, la leyenda \u201cVoto por NO el recurso de refer\u00e9ndum contra 135 art\u00edculos de la ley N\u00ba19.889 de 9 de julio de 2020\u201d y la fecha de celebraci\u00f3n del acto de refer\u00e9ndum.<\/p>\n<p><strong><img loading=\"lazy\" decoding=\"async\" class=\"size-medium wp-image-30648 aligncenter\" src=\"https:\/\/duraznohoy.com\/wp-content\/uploads\/2022\/03\/ACTO-REFE4-300x196.jpg\" alt=\"\" width=\"300\" height=\"196\" srcset=\"https:\/\/duraznohoy.com\/wp-content\/uploads\/2022\/03\/ACTO-REFE4-300x196.jpg 300w, https:\/\/duraznohoy.com\/wp-content\/uploads\/2022\/03\/ACTO-REFE4.jpg 580w\" sizes=\"auto, (max-width: 300px) 100vw, 300px\" \/><\/strong><\/p>\n<p><strong>Voto en blanco <\/strong><\/p>\n<p>Se considerar\u00e1 voto en blanco aquellos votos cuyos sobres no contengan hojas de votaci\u00f3n del acto que se celebra. Estos votos constituir\u00e1n un voto v\u00e1lido y los mismos ser\u00e1n considerados votos por NO.<\/p>\n<p><strong>Voto anulado<\/strong><\/p>\n<p>Se considerar\u00e1 voto anulado cuando aparezcan dentro de un sobre: -hojas de votaci\u00f3n por el SI y por el NO -hojas de votaci\u00f3n acompa\u00f1adas por objetos extra\u00f1os -hojas de votaci\u00f3n rayadas, testadas o con roturas o dobleces que por su entidad denoten la intenci\u00f3n del elector de identificar su voto -tres o m\u00e1s hojas id\u00e9nticas. Estos votos no ser\u00e1n v\u00e1lidos y los mismos no sumar\u00e1n para el SI, ni para el NO.<\/p>\n<p><strong>Padrones<\/strong><\/p>\n<p>El padr\u00f3n de habilitados para votar fue confeccionado por la Corte Electoral. Est\u00e1n comprendidas todas las inscripciones y traslados, cuyos expedientes hayan sido aceptados y distribuidos por la Oficina Nacional Electoral a la fecha de cierre del mismo: 8 de diciembre de 2021.<\/p>\n<p><strong>En nuestra p\u00e1gina de inicio se puede consultar el Plan Circuital de Durazno.<\/strong><\/p>\n<p>El voto deber\u00e1 ser emitido en el circuito a que pertenece el elector, con las excepciones de: \u2022 Miembros de las Comisiones Receptoras de Votos, \u2022 funcionarios electorales \u2022 Personal de custodia, si estuvieren habilitados para votar. \u2022 Facilitadores designados \u2022 En los circuitos rurales, los electores del departamento no comprendidos en el circuito, siempre que su inscripci\u00f3n c\u00edvica corresponda a una circunscripci\u00f3n rural del departamento y presenten la credencial c\u00edvica. En todos estos casos el voto ser\u00e1 admitido en calidad de observado simple, debiendo necesariamente presentar la credencial.<\/p>\n<p><strong>\u00a0Justificaciones de no voto<\/strong><\/p>\n<p>El plazo para la presentaci\u00f3n de solicitudes ser\u00e1 del 29 de marzo al 27 de abril de 2022. La gesti\u00f3n de justificaci\u00f3n se har\u00e1 en la p\u00e1gina web de la Corte Electoral. Siempre que se prueben fehacientemente, ser\u00e1n causas fundadas para no cumplir con la obligaci\u00f3n de votar los siguientes extremos: 1- Padecer enfermedad, invalidez o imposibilidad f\u00edsica que le impida el d\u00eda de la elecci\u00f3n concurrir a la Comisi\u00f3n Receptora de Votos. Podr\u00e1 presentarse: &#8211; Certificado m\u00e9dico (si el mismo es extendido por instituci\u00f3n privada deber\u00e1 ir acompa\u00f1ado de timbre profesional) &#8211; Certificado expedido por un establecimiento asistencial o de asilo. En estos casos la tramitaci\u00f3n respectiva podr\u00e1 realizarla la misma instituci\u00f3n en forma individual o colectiva. 2- Hallarse fuera del pa\u00eds el d\u00eda de la elecci\u00f3n Las personas que se hallaren fuera del pa\u00eds el d\u00eda de la elecci\u00f3n podr\u00e1n justificarlo por cualquier medio de prueba documental donde conste la fecha de salida y entrada al pa\u00eds, como ser certificado de la Direcci\u00f3n Nacional de Migraci\u00f3n, pasaporte sellado o pasajes que acrediten dichos extremos; constancia de trabajo en el exterior; u otros de similar naturaleza. El plazo para realizar la justificaci\u00f3n por esta causal ser\u00e1 de 30 d\u00edas a partir de su ingreso al Uruguay. Las personas con residencia en el exterior deber\u00e1n concurrir a la oficina consular uruguaya m\u00e1s pr\u00f3xima, dentro de los veinte d\u00edas anteriores y dentro de los veinte posteriores a la elecci\u00f3n para acreditar hallarse en el exterior, labr\u00e1ndose las actas correspondientes, que los c\u00f3nsules deber\u00e1n remitir a la Corte Electoral dentro de los veinte d\u00edas siguientes a su expedici\u00f3n, entregando asimismo al interesado, una copia autenticada. 3- Estar imposibilitado de concurrir a la Comisi\u00f3n Receptora de Votos por razones de fuerza mayor. Las personas que invoquen razones de fuerza mayor deber\u00e1n establecer cu\u00e1les son las mismas y acreditarlas mediante prueba documental.<\/p>\n<p><strong>Multas<\/strong><\/p>\n<p>Las personas habilitadas para votar que no hubieren sufragado ni justificado su omisi\u00f3n, deber\u00e1n hacer efectivo el pago de la multa cuyo monto ser\u00e1 equivalente al de una unidad reajustable y se duplicar\u00e1 cuando los omisos sean funcionarios p\u00fablicos o tengan la calidad de profesionales con t\u00edtulos expedidos por la Universidad de la Rep\u00fablica.<\/p>\n<p>El pago de las multas se tramitar\u00e1 en la pagina web de la Corte Electoral.<\/p>\n<ul>\n<li><strong><em>Frase del t\u00edtulo: <a href=\"https:\/\/www.huffpost.com\/entry\/john-lewis-social-change-voting-rights_n_57f2bd99e4b0703f7590753e\" target=\"_blank\" rel=\"noopener noreferrer\" aria-label=\"John Lewis (open in new tab)\">John Lewis<\/a>, activista fallecido recientemente. Defensor de los derechos civiles y miembro del Congreso Nacional de Representantes de Georgia<\/em><\/strong><\/li>\n<\/ul>\n","protected":false},"excerpt":{"rendered":"<p>Personal de la Oficina Electoral de Durazno trabaja activamente en la ma\u00f1ana de este s\u00e1bado,&#8230;<\/p>\n","protected":false},"author":2,"featured_media":30647,"comment_status":"closed","ping_status":"closed","sticky":false,"template":"","format":"standard","meta":{"footnotes":"","jetpack_publicize_message":"{title}\n\n{excerpt}\n\n{url}","jetpack_publicize_feature_enabled":true,"jetpack_social_post_already_shared":true,"jetpack_social_options":{"image_generator_settings":{"template":"fullscreen","default_image_id":0,"font":"","enabled":false},"version":2},"_wpas_customize_per_network":false},"categories":[144],"tags":[],"class_list":["post-30644","post","type-post","status-publish","format-standard","has-post-thumbnail","hentry","category-referendum"],"jetpack_publicize_connections":[],"_links":{"self":[{"href":"https:\/\/duraznohoy.com\/index.php?rest_route=\/wp\/v2\/posts\/30644","targetHints":{"allow":["GET"]}}],"collection":[{"href":"https:\/\/duraznohoy.com\/index.php?rest_route=\/wp\/v2\/posts"}],"about":[{"href":"https:\/\/duraznohoy.com\/index.php?rest_route=\/wp\/v2\/types\/post"}],"author":[{"embeddable":true,"href":"https:\/\/duraznohoy.com\/index.php?rest_route=\/wp\/v2\/users\/2"}],"replies":[{"embeddable":true,"href":"https:\/\/duraznohoy.com\/index.php?rest_route=%2Fwp%2Fv2%2Fcomments&post=30644"}],"version-history":[{"count":0,"href":"https:\/\/duraznohoy.com\/index.php?rest_route=\/wp\/v2\/posts\/30644\/revisions"}],"wp:featuredmedia":[{"embeddable":true,"href":"https:\/\/duraznohoy.com\/index.php?rest_route=\/wp\/v2\/media\/30647"}],"wp:attachment":[{"href":"https:\/\/duraznohoy.com\/index.php?rest_route=%2Fwp%2Fv2%2Fmedia&parent=30644"}],"wp:term":[{"taxonomy":"category","embeddable":true,"href":"https:\/\/duraznohoy.com\/index.php?rest_route=%2Fwp%2Fv2%2Fcategories&post=30644"},{"taxonomy":"post_tag","embeddable":true,"href":"https:\/\/duraznohoy.com\/index.php?rest_route=%2Fwp%2Fv2%2Ftags&post=30644"}],"curies":[{"name":"wp","href":"https:\/\/api.w.org\/{rel}","templated":true}]}}