{"id":30650,"date":"2022-03-26T12:05:18","date_gmt":"2022-03-26T15:05:18","guid":{"rendered":"http:\/\/duraznohoy.com\/?p=30650"},"modified":"2022-03-26T12:05:18","modified_gmt":"2022-03-26T15:05:18","slug":"solo-lo-local","status":"publish","type":"post","link":"https:\/\/duraznohoy.com\/?p=30650","title":{"rendered":"Solo lo local."},"content":{"rendered":"<p><strong>Seguramente y en alguna de sus declaraciones Vidal\u00edn lo ha dicho, tras estos dos a\u00f1os de pandemia, hay una necesidad evidente que lleva a un proceso y satisfacci\u00f3n de volver a verse.<\/strong><\/p>\n<p>Por eso seguramente llama \u201cFiesta del reencuentro\u201d, a la jornada del lunes 28 en el Parque del Bicentenario.<\/p>\n<p>Reencontrarse con la m\u00fasica es como reencontrarse con el primer amor. Esas sensaciones tiernas y tan intensas al mismo tiempo. La m\u00fasica y las canciones son ideales para que los reencuentros sean emotivos y tengan de alguna forma un punto m\u00e1gico y sorprendente. Y es que el volver a sentir lo que sent\u00edamos a\u00f1os atr\u00e1s nos reconforta y despierta en nosotros emociones extremas.<\/p>\n<p>Tengo la suerte de hacer un programa en radio, donde la magia es el puente que une nuestra voz, con la m\u00fasica y con el oyente, est\u00e9 donde est\u00e9. Cada domingo nos reencontramos, somos una misma cosa, disfrutamos juntos.<\/p>\n<p>No dudo que ser\u00e1n miles los que estar\u00e1n en el Parque para disfrutar de un programa que mezcla las mejores expresiones locales con lo internacional. Pero tambi\u00e9n, miles ser\u00e1n los que, por distinta circunstancia, no podr\u00e1n llegar y esperaban reencontrarse a trav\u00e9s de la radio, de ese v\u00ednculo que, con m\u00fasica e informaci\u00f3n, amortigu\u00f3 la soledad obligada a la que llev\u00f3 la pandemia.<\/p>\n<p>Sin embargo, no ser\u00e1 as\u00ed.<\/p>\n<p>La radio no est\u00e1 autorizada a la emisi\u00f3n en directo del espect\u00e1culo, salvo a los artistas duraznenses, es decir, ser\u00e1 un reencuentro hasta cierto punto.<\/p>\n<p>Desde la organizaci\u00f3n, con el silencio de la Asociaci\u00f3n local de Prensa, se ha descuidado una vez m\u00e1s este aspecto, menospreciando la tarea de la radio y sus comunicadores y achicando sensiblemente el radio de acci\u00f3n de una fiesta que se supon\u00eda, era para el reencuentro de todos.<\/p>\n<p>Lamentable.<\/p>\n<p>&nbsp;<\/p>\n<p>&nbsp;<\/p>\n<p>&nbsp;<\/p>\n<p>&nbsp;<\/p>\n","protected":false},"excerpt":{"rendered":"<p>Seguramente y en alguna de sus declaraciones Vidal\u00edn lo ha dicho, tras estos dos a\u00f1os&#8230;<\/p>\n","protected":false},"author":2,"featured_media":30651,"comment_status":"closed","ping_status":"closed","sticky":false,"template":"","format":"standard","meta":{"footnotes":"","jetpack_publicize_message":"{title}\n\n{excerpt}\n\n{url}","jetpack_publicize_feature_enabled":true,"jetpack_social_post_already_shared":true,"jetpack_social_options":{"image_generator_settings":{"template":"fullscreen","default_image_id":0,"font":"","enabled":false},"version":2},"_wpas_customize_per_network":false},"categories":[11],"tags":[],"class_list":["post-30650","post","type-post","status-publish","format-standard","has-post-thumbnail","hentry","category-opinion"],"jetpack_publicize_connections":[],"_links":{"self":[{"href":"https:\/\/duraznohoy.com\/index.php?rest_route=\/wp\/v2\/posts\/30650","targetHints":{"allow":["GET"]}}],"collection":[{"href":"https:\/\/duraznohoy.com\/index.php?rest_route=\/wp\/v2\/posts"}],"about":[{"href":"https:\/\/duraznohoy.com\/index.php?rest_route=\/wp\/v2\/types\/post"}],"author":[{"embeddable":true,"href":"https:\/\/duraznohoy.com\/index.php?rest_route=\/wp\/v2\/users\/2"}],"replies":[{"embeddable":true,"href":"https:\/\/duraznohoy.com\/index.php?rest_route=%2Fwp%2Fv2%2Fcomments&post=30650"}],"version-history":[{"count":0,"href":"https:\/\/duraznohoy.com\/index.php?rest_route=\/wp\/v2\/posts\/30650\/revisions"}],"wp:featuredmedia":[{"embeddable":true,"href":"https:\/\/duraznohoy.com\/index.php?rest_route=\/wp\/v2\/media\/30651"}],"wp:attachment":[{"href":"https:\/\/duraznohoy.com\/index.php?rest_route=%2Fwp%2Fv2%2Fmedia&parent=30650"}],"wp:term":[{"taxonomy":"category","embeddable":true,"href":"https:\/\/duraznohoy.com\/index.php?rest_route=%2Fwp%2Fv2%2Fcategories&post=30650"},{"taxonomy":"post_tag","embeddable":true,"href":"https:\/\/duraznohoy.com\/index.php?rest_route=%2Fwp%2Fv2%2Ftags&post=30650"}],"curies":[{"name":"wp","href":"https:\/\/api.w.org\/{rel}","templated":true}]}}