{"id":30672,"date":"2022-03-27T22:35:06","date_gmt":"2022-03-28T01:35:06","guid":{"rendered":"http:\/\/duraznohoy.com\/?p=30672"},"modified":"2022-03-27T22:35:06","modified_gmt":"2022-03-28T01:35:06","slug":"manana-gran-convocatoria","status":"publish","type":"post","link":"https:\/\/duraznohoy.com\/?p=30672","title":{"rendered":"Ma\u00f1ana gran convocatoria."},"content":{"rendered":"<p><strong><img loading=\"lazy\" decoding=\"async\" class=\" wp-image-30673 alignright\" src=\"https:\/\/duraznohoy.com\/wp-content\/uploads\/2022\/03\/escenario-abel-300x225.jpeg\" alt=\"\" width=\"243\" height=\"182\" srcset=\"https:\/\/duraznohoy.com\/wp-content\/uploads\/2022\/03\/escenario-abel-300x225.jpeg 300w, https:\/\/duraznohoy.com\/wp-content\/uploads\/2022\/03\/escenario-abel-1024x768.jpeg 1024w, https:\/\/duraznohoy.com\/wp-content\/uploads\/2022\/03\/escenario-abel-768x576.jpeg 768w, https:\/\/duraznohoy.com\/wp-content\/uploads\/2022\/03\/escenario-abel-1536x1152.jpeg 1536w, https:\/\/duraznohoy.com\/wp-content\/uploads\/2022\/03\/escenario-abel.jpeg 1600w\" sizes=\"auto, (max-width: 243px) 100vw, 243px\" \/>Y culminada una jornada de reencuentro, con familiares y amigos que han compartido las horas de este domingo convocados por el acto de Referendum, llega ahora otra\u00a0 de alta convocatoria.<\/strong><\/p>\n<p>Este lunes, <strong>Abel Pintos<\/strong> se presentar\u00e1 en Durazno en un espect\u00e1culo de entrada gratuita, tras la actuaci\u00f3n de varios artistas duraznenses. Anunciado para el Festival 48\u00ba que fue pospuesto por la pandemia, el cantor argentino llega tras 20 a\u00f1os de haberlo hecho por \u00fanica vez en nuestra Ciudad.<\/p>\n<p>Viene de cumplir una larga gira por diferentes puntos del pa\u00eds, al t\u00e9rmino de la cual se\u00f1alaba en su p\u00e1gina oficial: <strong><em>\u201cAnoche termin\u00e9 de cumplir el sue\u00f1o de hacer dos funciones en el Antel Arena de Montevideo y vivirlas con un nivel de alegr\u00eda superlativo de parte de todos los presentes. <\/em><\/strong><\/p>\n<p><strong><em>Gracias por el amor, porque el amor es todo. Lo dem\u00e1s, es espuma y cotill\u00f3n.<\/em><\/strong><\/p>\n<p><strong><em>En unos d\u00edas tenemos el lanzamiento de ABRAZANDONOS en una nueva versi\u00f3n con Francisca Valenzuela invitada. Una bachatita para bailar bien de cerquita.<\/em><\/strong><\/p>\n<p><strong><em>Ma\u00f1ana nos partimos a un show en #Durazno antes de marcharnos de Uruguay hasta la pr\u00f3xima visita y despu\u00e9s de muchos d\u00edas de felicidad en conciertos y viajes por estas tierras.<\/em><\/strong><\/p>\n<p><strong><em>Y el jueves empezamos con reuniones para definir en producci\u00f3n, repertorio, log\u00edstica y comunicaci\u00f3n de las 30 noches que vamos a compartir en el Teatro Opera en mayo &#8211; junio &#8211; julio 2022.\u201d<\/em><\/strong><\/p>\n<p>El Programa de este lunes 28 comienza a las 19.00 horas con<em><strong> Vir Belhot, posteriormente Jorge Gonz\u00e1lez y su Banda Pueblo, la Banda del Bicentenario, Marcos Ortiz<\/strong><\/em> y su grupo y sobre las 21:00 comenzar\u00e1 el show de Abel Pintos.<\/p>\n<p>Es importante se\u00f1alar que, durante la actuaci\u00f3n de los diferentes artistas, la <em><strong>Compa\u00f1\u00eda de Danzas \u201cRa\u00edz del Y\u00ed\u201d<\/strong><\/em> interpretar\u00e1 a trav\u00e9s del baile, varias de las canciones d\u00e1ndole un marco integral al espect\u00e1culo.<\/p>\n<p><strong><u>Zona de exclusi\u00f3n<\/u><\/strong><strong><em>.<\/em><\/strong><\/p>\n<p>La Intendencia de Durazno informa que para el evento de ma\u00f1ana lunes 28 de marzo, habr\u00e1 una zona delimitada como exclusi\u00f3n en la que no se podr\u00e1 transitar.<\/p>\n<p>La misma abarca, desde la hora 15.00 hasta la finalizaci\u00f3n del evento las siguientes calles y tramos: Av Emilio Frugoni y Dr. Emilio Penza; 4 de octubre; Cesar Zagnoli Cinti y Dr. Luis A. de Herrera; C\u00e9sar Zagnoli Cinti y 19 de Abril (cerrado en L): Dr. Luis Morquio y Gral. Juan A. Lavalleja; Av Emilio Frugoni y Jos\u00e9 Pedro Varela; y Pedro Larrique y Batalla de las Piedras.<\/p>\n<p>La zona para estacionamiento de \u00f3mnibus y dem\u00e1s de excursiones, ser\u00e1 exclusivamente Av Juan Jacinto Apolo, en las dos v\u00edas.<\/p>\n","protected":false},"excerpt":{"rendered":"<p>Y culminada una jornada de reencuentro, con familiares y amigos que han compartido las horas&#8230;<\/p>\n","protected":false},"author":2,"featured_media":30674,"comment_status":"closed","ping_status":"closed","sticky":false,"template":"","format":"standard","meta":{"footnotes":"","jetpack_publicize_message":"{title}\n\n{excerpt}\n\n{url}","jetpack_publicize_feature_enabled":true,"jetpack_social_post_already_shared":true,"jetpack_social_options":{"image_generator_settings":{"template":"fullscreen","default_image_id":0,"font":"","enabled":false},"version":2},"_wpas_customize_per_network":false},"categories":[9],"tags":[],"class_list":["post-30672","post","type-post","status-publish","format-standard","has-post-thumbnail","hentry","category-espectaculos"],"jetpack_publicize_connections":[],"_links":{"self":[{"href":"https:\/\/duraznohoy.com\/index.php?rest_route=\/wp\/v2\/posts\/30672","targetHints":{"allow":["GET"]}}],"collection":[{"href":"https:\/\/duraznohoy.com\/index.php?rest_route=\/wp\/v2\/posts"}],"about":[{"href":"https:\/\/duraznohoy.com\/index.php?rest_route=\/wp\/v2\/types\/post"}],"author":[{"embeddable":true,"href":"https:\/\/duraznohoy.com\/index.php?rest_route=\/wp\/v2\/users\/2"}],"replies":[{"embeddable":true,"href":"https:\/\/duraznohoy.com\/index.php?rest_route=%2Fwp%2Fv2%2Fcomments&post=30672"}],"version-history":[{"count":0,"href":"https:\/\/duraznohoy.com\/index.php?rest_route=\/wp\/v2\/posts\/30672\/revisions"}],"wp:featuredmedia":[{"embeddable":true,"href":"https:\/\/duraznohoy.com\/index.php?rest_route=\/wp\/v2\/media\/30674"}],"wp:attachment":[{"href":"https:\/\/duraznohoy.com\/index.php?rest_route=%2Fwp%2Fv2%2Fmedia&parent=30672"}],"wp:term":[{"taxonomy":"category","embeddable":true,"href":"https:\/\/duraznohoy.com\/index.php?rest_route=%2Fwp%2Fv2%2Fcategories&post=30672"},{"taxonomy":"post_tag","embeddable":true,"href":"https:\/\/duraznohoy.com\/index.php?rest_route=%2Fwp%2Fv2%2Ftags&post=30672"}],"curies":[{"name":"wp","href":"https:\/\/api.w.org\/{rel}","templated":true}]}}