{"id":30686,"date":"2022-03-29T01:55:45","date_gmt":"2022-03-29T04:55:45","guid":{"rendered":"http:\/\/duraznohoy.com\/?p=30686"},"modified":"2022-03-29T01:55:45","modified_gmt":"2022-03-29T04:55:45","slug":"impresionante-2","status":"publish","type":"post","link":"https:\/\/duraznohoy.com\/?p=30686","title":{"rendered":"Impresionante."},"content":{"rendered":"<p><strong><img loading=\"lazy\" decoding=\"async\" class=\"size-medium wp-image-30687 alignright\" src=\"https:\/\/duraznohoy.com\/wp-content\/uploads\/2022\/03\/ABEL-HOY-1-300x200.jpg\" alt=\"\" width=\"300\" height=\"200\" srcset=\"https:\/\/duraznohoy.com\/wp-content\/uploads\/2022\/03\/ABEL-HOY-1-300x200.jpg 300w, https:\/\/duraznohoy.com\/wp-content\/uploads\/2022\/03\/ABEL-HOY-1-1024x683.jpg 1024w, https:\/\/duraznohoy.com\/wp-content\/uploads\/2022\/03\/ABEL-HOY-1-768x512.jpg 768w, https:\/\/duraznohoy.com\/wp-content\/uploads\/2022\/03\/ABEL-HOY-1-1536x1024.jpg 1536w, https:\/\/duraznohoy.com\/wp-content\/uploads\/2022\/03\/ABEL-HOY-1-2048x1365.jpg 2048w\" sizes=\"auto, (max-width: 300px) 100vw, 300px\" \/>Con el t\u00edtulo, perfectamente podr\u00edamos decir todo del espect\u00e1culo vivido en la noche de este lunes, en la denominada \u201cFiesta del reencuentro\u201d.<\/strong><\/p>\n<p>Desde el nivel de los distintos artistas locales, la multitudinaria presencia de p\u00fablico, la organizaci\u00f3n que pr\u00e1cticamente no tuvo fallas y un show final de Abel Pintos que respondi\u00f3 a toda la expectativa generada previamente.<\/p>\n<p><strong><img loading=\"lazy\" decoding=\"async\" class=\"size-medium wp-image-30689 alignleft\" src=\"https:\/\/duraznohoy.com\/wp-content\/uploads\/2022\/03\/ABEL-HOY-3-300x200.jpg\" alt=\"\" width=\"300\" height=\"200\" srcset=\"https:\/\/duraznohoy.com\/wp-content\/uploads\/2022\/03\/ABEL-HOY-3-300x200.jpg 300w, https:\/\/duraznohoy.com\/wp-content\/uploads\/2022\/03\/ABEL-HOY-3-1024x683.jpg 1024w, https:\/\/duraznohoy.com\/wp-content\/uploads\/2022\/03\/ABEL-HOY-3-768x512.jpg 768w, https:\/\/duraznohoy.com\/wp-content\/uploads\/2022\/03\/ABEL-HOY-3-1536x1024.jpg 1536w, https:\/\/duraznohoy.com\/wp-content\/uploads\/2022\/03\/ABEL-HOY-3-2048x1365.jpg 2048w\" sizes=\"auto, (max-width: 300px) 100vw, 300px\" \/><\/strong>Mirar los rostros de los espectadores, de distintas edades, bastaba para encontrar el por qu\u00e9 de la vigencia del cantante argentino, que ha cambiado gran parte de su estilo y repertorio de aquella actuaci\u00f3n en el Festival cuando ten\u00eda 17 a\u00f1os, pero que le agreg\u00f3 un dominio esc\u00e9nico notable. Llantos y sonrisas, aplausos y gritos, se adue\u00f1aron de las expresiones de miles y miles de espectadores, no solo duraznense sino tambi\u00e9n de varios puntos del pa\u00eds.<\/p>\n<p><img loading=\"lazy\" decoding=\"async\" class=\"size-medium wp-image-30688 alignright\" src=\"https:\/\/duraznohoy.com\/wp-content\/uploads\/2022\/03\/ABEL-HOY-2-300x200.jpg\" alt=\"\" width=\"300\" height=\"200\" srcset=\"https:\/\/duraznohoy.com\/wp-content\/uploads\/2022\/03\/ABEL-HOY-2-300x200.jpg 300w, https:\/\/duraznohoy.com\/wp-content\/uploads\/2022\/03\/ABEL-HOY-2-1024x683.jpg 1024w, https:\/\/duraznohoy.com\/wp-content\/uploads\/2022\/03\/ABEL-HOY-2-768x512.jpg 768w, https:\/\/duraznohoy.com\/wp-content\/uploads\/2022\/03\/ABEL-HOY-2-1536x1024.jpg 1536w, https:\/\/duraznohoy.com\/wp-content\/uploads\/2022\/03\/ABEL-HOY-2-2048x1365.jpg 2048w\" sizes=\"auto, (max-width: 300px) 100vw, 300px\" \/>El recital de Abel dur\u00f3 dos horas, donde repas\u00f3 temas de ayer y de hoy, d\u00e1ndole a sus admiradores lo que estos fueron a buscar: el coraz\u00f3n en cada canci\u00f3n.<\/p>\n<p>Al t\u00e9rmino del espect\u00e1culo, los comentarios eran coincidentes en elogios y satisfacci\u00f3n por lo vivido.<\/p>\n<p>*Fotos: Shirley Acu\u00f1a.<\/p>\n","protected":false},"excerpt":{"rendered":"<p>Con el t\u00edtulo, perfectamente podr\u00edamos decir todo del espect\u00e1culo vivido en la noche de este&#8230;<\/p>\n","protected":false},"author":2,"featured_media":30691,"comment_status":"closed","ping_status":"closed","sticky":false,"template":"","format":"standard","meta":{"footnotes":"","jetpack_publicize_message":"{title}\n\n{excerpt}\n\n{url}","jetpack_publicize_feature_enabled":true,"jetpack_social_post_already_shared":true,"jetpack_social_options":{"image_generator_settings":{"template":"fullscreen","default_image_id":0,"font":"","enabled":false},"version":2},"_wpas_customize_per_network":false},"categories":[9],"tags":[],"class_list":["post-30686","post","type-post","status-publish","format-standard","has-post-thumbnail","hentry","category-espectaculos"],"jetpack_publicize_connections":[],"_links":{"self":[{"href":"https:\/\/duraznohoy.com\/index.php?rest_route=\/wp\/v2\/posts\/30686","targetHints":{"allow":["GET"]}}],"collection":[{"href":"https:\/\/duraznohoy.com\/index.php?rest_route=\/wp\/v2\/posts"}],"about":[{"href":"https:\/\/duraznohoy.com\/index.php?rest_route=\/wp\/v2\/types\/post"}],"author":[{"embeddable":true,"href":"https:\/\/duraznohoy.com\/index.php?rest_route=\/wp\/v2\/users\/2"}],"replies":[{"embeddable":true,"href":"https:\/\/duraznohoy.com\/index.php?rest_route=%2Fwp%2Fv2%2Fcomments&post=30686"}],"version-history":[{"count":0,"href":"https:\/\/duraznohoy.com\/index.php?rest_route=\/wp\/v2\/posts\/30686\/revisions"}],"wp:featuredmedia":[{"embeddable":true,"href":"https:\/\/duraznohoy.com\/index.php?rest_route=\/wp\/v2\/media\/30691"}],"wp:attachment":[{"href":"https:\/\/duraznohoy.com\/index.php?rest_route=%2Fwp%2Fv2%2Fmedia&parent=30686"}],"wp:term":[{"taxonomy":"category","embeddable":true,"href":"https:\/\/duraznohoy.com\/index.php?rest_route=%2Fwp%2Fv2%2Fcategories&post=30686"},{"taxonomy":"post_tag","embeddable":true,"href":"https:\/\/duraznohoy.com\/index.php?rest_route=%2Fwp%2Fv2%2Ftags&post=30686"}],"curies":[{"name":"wp","href":"https:\/\/api.w.org\/{rel}","templated":true}]}}