{"id":30827,"date":"2022-04-01T20:59:12","date_gmt":"2022-04-01T23:59:12","guid":{"rendered":"http:\/\/duraznohoy.com\/?p=30827"},"modified":"2022-04-01T20:59:12","modified_gmt":"2022-04-01T23:59:12","slug":"panitea-en-la-junta","status":"publish","type":"post","link":"https:\/\/duraznohoy.com\/?p=30827","title":{"rendered":"Panitea en la Junta."},"content":{"rendered":"<p><strong><img loading=\"lazy\" decoding=\"async\" class=\"size-medium wp-image-30829 alignright\" src=\"https:\/\/duraznohoy.com\/wp-content\/uploads\/2022\/04\/AUTISTA-JUNTA2-300x169.jpg\" alt=\"\" width=\"300\" height=\"169\" srcset=\"https:\/\/duraznohoy.com\/wp-content\/uploads\/2022\/04\/AUTISTA-JUNTA2-300x169.jpg 300w, https:\/\/duraznohoy.com\/wp-content\/uploads\/2022\/04\/AUTISTA-JUNTA2-768x432.jpg 768w, https:\/\/duraznohoy.com\/wp-content\/uploads\/2022\/04\/AUTISTA-JUNTA2.jpg 857w\" sizes=\"auto, (max-width: 300px) 100vw, 300px\" \/>En el marco del D\u00eda Mundial de Concientizaci\u00f3n del Autismo que se conmemora este 2 de abril integrantes del grupo que trabaja en esta \u00e1rea, fueron recibidos en la sesi\u00f3n de esta noche, de la Junta Departamental.<\/strong><\/p>\n<p><em><strong>\u00abLas personas dentro del espectro autista necesitan acceder a una ciudadan\u00eda plena\u00bb<\/strong><\/em> se\u00f1al\u00f3 <strong>Solange Lacuesta<\/strong> de Panitea quien junto a dos de sus compa\u00f1eras plantearon el tema en el seno del cuerpo legislativo que est\u00e1 sesionando hoy.<\/p>\n","protected":false},"excerpt":{"rendered":"<p>En el marco del D\u00eda Mundial de Concientizaci\u00f3n del Autismo que se conmemora este 2&#8230;<\/p>\n","protected":false},"author":2,"featured_media":30828,"comment_status":"closed","ping_status":"closed","sticky":false,"template":"","format":"standard","meta":{"footnotes":"","jetpack_publicize_message":"{title}\n\n{excerpt}\n\n{url}","jetpack_publicize_feature_enabled":true,"jetpack_social_post_already_shared":true,"jetpack_social_options":{"image_generator_settings":{"template":"fullscreen","default_image_id":0,"font":"","enabled":false},"version":2},"_wpas_customize_per_network":false},"categories":[36],"tags":[],"class_list":["post-30827","post","type-post","status-publish","format-standard","has-post-thumbnail","hentry","category-junta-departamental"],"jetpack_publicize_connections":[],"_links":{"self":[{"href":"https:\/\/duraznohoy.com\/index.php?rest_route=\/wp\/v2\/posts\/30827","targetHints":{"allow":["GET"]}}],"collection":[{"href":"https:\/\/duraznohoy.com\/index.php?rest_route=\/wp\/v2\/posts"}],"about":[{"href":"https:\/\/duraznohoy.com\/index.php?rest_route=\/wp\/v2\/types\/post"}],"author":[{"embeddable":true,"href":"https:\/\/duraznohoy.com\/index.php?rest_route=\/wp\/v2\/users\/2"}],"replies":[{"embeddable":true,"href":"https:\/\/duraznohoy.com\/index.php?rest_route=%2Fwp%2Fv2%2Fcomments&post=30827"}],"version-history":[{"count":0,"href":"https:\/\/duraznohoy.com\/index.php?rest_route=\/wp\/v2\/posts\/30827\/revisions"}],"wp:featuredmedia":[{"embeddable":true,"href":"https:\/\/duraznohoy.com\/index.php?rest_route=\/wp\/v2\/media\/30828"}],"wp:attachment":[{"href":"https:\/\/duraznohoy.com\/index.php?rest_route=%2Fwp%2Fv2%2Fmedia&parent=30827"}],"wp:term":[{"taxonomy":"category","embeddable":true,"href":"https:\/\/duraznohoy.com\/index.php?rest_route=%2Fwp%2Fv2%2Fcategories&post=30827"},{"taxonomy":"post_tag","embeddable":true,"href":"https:\/\/duraznohoy.com\/index.php?rest_route=%2Fwp%2Fv2%2Ftags&post=30827"}],"curies":[{"name":"wp","href":"https:\/\/api.w.org\/{rel}","templated":true}]}}