{"id":31238,"date":"2022-04-25T14:24:35","date_gmt":"2022-04-25T17:24:35","guid":{"rendered":"http:\/\/duraznohoy.com\/?p=31238"},"modified":"2022-04-25T14:24:35","modified_gmt":"2022-04-25T17:24:35","slug":"hurtaba-de-las-gondolas","status":"publish","type":"post","link":"https:\/\/duraznohoy.com\/?p=31238","title":{"rendered":"Hurtaba de las g\u00f3ndolas."},"content":{"rendered":"<p><strong>La polic\u00eda detuvo y la Justicia proces\u00f3 a un hombre que hurtaba en supermercados y farmacias y captur\u00f3 a dos hombres que desde los techos procuraban hurtar en un comercio.<\/strong><\/p>\n<p>El informe oficial:<\/p>\n<p>Personal de la Direcci\u00f3n de Investigaciones conjuntamente con personal de Comisaria 1era, lograron el esclarecimiento de hurtos cometidos por un masculino de 24 a\u00f1os de edad, donde el modus operandi del mismo consist\u00eda en sustraer de las g\u00f3ndolas de supermercados y farmacias bebidas alcoh\u00f3licas y perfumes, maniobra que fue detectada al analizar las c\u00e1maras de videovigilancia.<\/p>\n<p>Se recabaron las pruebas de los casos, siendo puestas a disposici\u00f3n de la Fiscal\u00eda de 1er Turno, quien dispuso la detenci\u00f3n del implicado.<\/p>\n<p>Conducido ante el Juzgado Letrado de 1er Turno al t\u00e9rmino de la audiencia se dispuso la formalizaci\u00f3n de la investigaci\u00f3n para el indagado, como autor penalmente responsable de la comisi\u00f3n de 6 delitos de hurto todos en r\u00e9gimen de reiteraci\u00f3n real, en calidad de autor, <strong>conden\u00e1ndolo a la pena de 9 meses de <\/strong><strong>prisi\u00f3n que se cumplir\u00e1 bajo el r\u00e9gimen de Libertad a Prueba<\/strong> seg\u00fan Art. 295 bis del CPP con las siguientes condiciones:<\/p>\n<p>1- Que resida en un lugar espec\u00edfico donde sea posible la supervisi\u00f3n de la Oficina de Seguimiento de la Libertad Asistida.<\/p>\n<p>2- Sujeci\u00f3n a la orientaci\u00f3n y vigilancia permanente de la referida oficina.<\/p>\n<p>3- Se presente una vez por semana a la Comisaria correspondiente a su domicilio.<\/p>\n<p>4- Prestaci\u00f3n de servicios comunitarios que realizar\u00e1 4 horas semanales por un per\u00edodo de 1 mes.<\/p>\n<p>5- Prohibici\u00f3n de concurrir, ingresar a los locales que denunciaron los hurtos, por el plazo de 9 meses.<\/p>\n<p><strong>Atrapados en el techo<\/strong><\/p>\n<p>En horas de la tarde madrugada del d\u00eda s\u00e1bado pr\u00f3ximo pasado, se tom\u00f3 conocimiento en Comisaria 1era, que en un comercio ubicado en zona c\u00e9ntrica se hab\u00eda activado la alarma.<\/p>\n<p>Atento a lo expuesto de forma inmediata se monto un operativo con personal de la Direcci\u00f3n de Investigaciones, Direcci\u00f3n de Grupo de Apoyo y Comisaria 1era, los cuales mediante un r\u00e1pido accionar lograron la detenci\u00f3n sobre el tejado de dos hombre de 24 y 26 a\u00f1os de edad, ambos poseedores de antecedentes judiciales.<\/p>\n<p>Siendo enterada la Fiscal\u00eda de 1er Turno.<\/p>\n<p>Conducido ante el Juzgado Letrado de 1er Turno al t\u00e9rmino de la audiencia se dispuso la formalizaci\u00f3n de la investigaci\u00f3n para <strong>el de 24 a\u00f1os<\/strong> como autor penalmente responsable de la comisi\u00f3n de hurto agravado por la pluriparticipaci\u00f3n en calidad de autor y en grado de tentativa, <strong><em>conden\u00e1ndolo a<\/em> la pena de 6 meses de prisi\u00f3n efectiva<\/strong>, y para el masculino <strong>de 26 a\u00f1os<\/strong> se formaliz\u00f3 la investigaci\u00f3n como autor penalmente responsable de la comisi\u00f3n de dos delitos de hurto agravado uno por la pluriparticipaci\u00f3n y el otro mediante despojo, ambos en grado de tentativa, en r\u00e9gimen de reiteraci\u00f3n real entre si, en calidad de autor,<strong> conden\u00e1ndolo a la pena de 9 meses de prisi\u00f3n efectiva.<\/strong><\/p>\n","protected":false},"excerpt":{"rendered":"<p>La polic\u00eda detuvo y la Justicia proces\u00f3 a un hombre que hurtaba en supermercados y&#8230;<\/p>\n","protected":false},"author":2,"featured_media":31241,"comment_status":"closed","ping_status":"closed","sticky":false,"template":"","format":"standard","meta":{"footnotes":"","jetpack_publicize_message":"{title}\n\n{excerpt}\n\n{url}","jetpack_publicize_feature_enabled":true,"jetpack_social_post_already_shared":true,"jetpack_social_options":{"image_generator_settings":{"template":"fullscreen","default_image_id":0,"font":"","enabled":false},"version":2},"_wpas_customize_per_network":false},"categories":[33,21],"tags":[],"class_list":["post-31238","post","type-post","status-publish","format-standard","has-post-thumbnail","hentry","category-actualidad","category-policiales"],"jetpack_publicize_connections":[],"_links":{"self":[{"href":"https:\/\/duraznohoy.com\/index.php?rest_route=\/wp\/v2\/posts\/31238","targetHints":{"allow":["GET"]}}],"collection":[{"href":"https:\/\/duraznohoy.com\/index.php?rest_route=\/wp\/v2\/posts"}],"about":[{"href":"https:\/\/duraznohoy.com\/index.php?rest_route=\/wp\/v2\/types\/post"}],"author":[{"embeddable":true,"href":"https:\/\/duraznohoy.com\/index.php?rest_route=\/wp\/v2\/users\/2"}],"replies":[{"embeddable":true,"href":"https:\/\/duraznohoy.com\/index.php?rest_route=%2Fwp%2Fv2%2Fcomments&post=31238"}],"version-history":[{"count":0,"href":"https:\/\/duraznohoy.com\/index.php?rest_route=\/wp\/v2\/posts\/31238\/revisions"}],"wp:featuredmedia":[{"embeddable":true,"href":"https:\/\/duraznohoy.com\/index.php?rest_route=\/wp\/v2\/media\/31241"}],"wp:attachment":[{"href":"https:\/\/duraznohoy.com\/index.php?rest_route=%2Fwp%2Fv2%2Fmedia&parent=31238"}],"wp:term":[{"taxonomy":"category","embeddable":true,"href":"https:\/\/duraznohoy.com\/index.php?rest_route=%2Fwp%2Fv2%2Fcategories&post=31238"},{"taxonomy":"post_tag","embeddable":true,"href":"https:\/\/duraznohoy.com\/index.php?rest_route=%2Fwp%2Fv2%2Ftags&post=31238"}],"curies":[{"name":"wp","href":"https:\/\/api.w.org\/{rel}","templated":true}]}}