{"id":31243,"date":"2022-04-25T17:27:43","date_gmt":"2022-04-25T20:27:43","guid":{"rendered":"http:\/\/duraznohoy.com\/?p=31243"},"modified":"2022-04-25T17:27:43","modified_gmt":"2022-04-25T20:27:43","slug":"sin-jueces-para-ofi","status":"publish","type":"post","link":"https:\/\/duraznohoy.com\/?p=31243","title":{"rendered":"Sin Jueces para OFI."},"content":{"rendered":"<p><strong><img loading=\"lazy\" decoding=\"async\" class=\" wp-image-31244 alignright\" src=\"https:\/\/duraznohoy.com\/wp-content\/uploads\/2022\/04\/ARBITROS-DECLARACION-300x328.jpg\" alt=\"\" width=\"282\" height=\"308\" srcset=\"https:\/\/duraznohoy.com\/wp-content\/uploads\/2022\/04\/ARBITROS-DECLARACION-300x328.jpg 300w, https:\/\/duraznohoy.com\/wp-content\/uploads\/2022\/04\/ARBITROS-DECLARACION-936x1024.jpg 936w, https:\/\/duraznohoy.com\/wp-content\/uploads\/2022\/04\/ARBITROS-DECLARACION-768x841.jpg 768w, https:\/\/duraznohoy.com\/wp-content\/uploads\/2022\/04\/ARBITROS-DECLARACION-1024x1121.jpg 1024w, https:\/\/duraznohoy.com\/wp-content\/uploads\/2022\/04\/ARBITROS-DECLARACION.jpg 1080w\" sizes=\"auto, (max-width: 282px) 100vw, 282px\" \/>Los partidos de cuarto de final del torneo de OFI en sub 17 no se jugar\u00e1n el pr\u00f3ximo fin de semana, ante medida de los \u00e1rbitros que aguardan una reuni\u00f3n con autoridades de OFI, tras agresi\u00f3n a un colega en Florida.<\/strong><\/p>\n<p>La Asociaci\u00f3n que nuclea a los \u00e1rbitros\u00a0 emiti\u00f3 un duro comunicado repudiando lo sucedido en el Campeones Ol\u00edmpicos e indicando que no dispondr\u00e1 de sus asociados para dirigir partidos del Torneo Nacional de Selecciones en ambas categor\u00edas. <em><strong>\u00abEsperamos una respuesta favorable para mantener una reuni\u00f3n con el ejecutivo.<\/strong><\/em><br \/>\n<em><strong>En caso de no ser as\u00ed AIAF no dispondr\u00e1 de \u00c1rbitros para lo que resta de la Copa de Selecciones 2022, de ninguna manera vamos a seguir exponiendo nuestra integridad f\u00edsica\u00bb <\/strong><\/em>se\u00f1ala el comunicado de la intergremial.<\/p>\n<p>En oportunidad de jugarse el encuentro Florida &#8211; Treinta y Tres, al culminar el mismo fue agredido el \u00e1rbitro principal, el maragato Bruno Rodr\u00edguez, por jugadores y dirigentes de la selecci\u00f3n del Olimar.<\/p>\n<p>https:\/\/www.facebook.com\/100014029834443\/videos\/1441457686271966\/<\/p>\n","protected":false},"excerpt":{"rendered":"<p>Los partidos de cuarto de final del torneo de OFI en sub 17 no se&#8230;<\/p>\n","protected":false},"author":2,"featured_media":31245,"comment_status":"closed","ping_status":"closed","sticky":false,"template":"","format":"standard","meta":{"footnotes":"","jetpack_publicize_message":"{title}\n\n{excerpt}\n\n{url}","jetpack_publicize_feature_enabled":true,"jetpack_social_post_already_shared":true,"jetpack_social_options":{"image_generator_settings":{"template":"fullscreen","default_image_id":0,"font":"","enabled":false},"version":2},"_wpas_customize_per_network":false},"categories":[33],"tags":[],"class_list":["post-31243","post","type-post","status-publish","format-standard","has-post-thumbnail","hentry","category-actualidad"],"jetpack_publicize_connections":[],"_links":{"self":[{"href":"https:\/\/duraznohoy.com\/index.php?rest_route=\/wp\/v2\/posts\/31243","targetHints":{"allow":["GET"]}}],"collection":[{"href":"https:\/\/duraznohoy.com\/index.php?rest_route=\/wp\/v2\/posts"}],"about":[{"href":"https:\/\/duraznohoy.com\/index.php?rest_route=\/wp\/v2\/types\/post"}],"author":[{"embeddable":true,"href":"https:\/\/duraznohoy.com\/index.php?rest_route=\/wp\/v2\/users\/2"}],"replies":[{"embeddable":true,"href":"https:\/\/duraznohoy.com\/index.php?rest_route=%2Fwp%2Fv2%2Fcomments&post=31243"}],"version-history":[{"count":0,"href":"https:\/\/duraznohoy.com\/index.php?rest_route=\/wp\/v2\/posts\/31243\/revisions"}],"wp:featuredmedia":[{"embeddable":true,"href":"https:\/\/duraznohoy.com\/index.php?rest_route=\/wp\/v2\/media\/31245"}],"wp:attachment":[{"href":"https:\/\/duraznohoy.com\/index.php?rest_route=%2Fwp%2Fv2%2Fmedia&parent=31243"}],"wp:term":[{"taxonomy":"category","embeddable":true,"href":"https:\/\/duraznohoy.com\/index.php?rest_route=%2Fwp%2Fv2%2Fcategories&post=31243"},{"taxonomy":"post_tag","embeddable":true,"href":"https:\/\/duraznohoy.com\/index.php?rest_route=%2Fwp%2Fv2%2Ftags&post=31243"}],"curies":[{"name":"wp","href":"https:\/\/api.w.org\/{rel}","templated":true}]}}