{"id":31248,"date":"2022-04-25T21:54:01","date_gmt":"2022-04-26T00:54:01","guid":{"rendered":"http:\/\/duraznohoy.com\/?p=31248"},"modified":"2022-04-25T21:54:01","modified_gmt":"2022-04-26T00:54:01","slug":"estacionamiento-para-personas-con-discapacidad","status":"publish","type":"post","link":"https:\/\/duraznohoy.com\/?p=31248","title":{"rendered":"Estacionamiento para personas con discapacidad."},"content":{"rendered":"<p><strong><img loading=\"lazy\" decoding=\"async\" class=\"size-medium wp-image-31251 alignright\" src=\"https:\/\/duraznohoy.com\/wp-content\/uploads\/2022\/04\/CLAUDIA-CARTELES2-300x172.jpg\" alt=\"\" width=\"300\" height=\"172\" srcset=\"https:\/\/duraznohoy.com\/wp-content\/uploads\/2022\/04\/CLAUDIA-CARTELES2-300x172.jpg 300w, https:\/\/duraznohoy.com\/wp-content\/uploads\/2022\/04\/CLAUDIA-CARTELES2.jpg 717w\" sizes=\"auto, (max-width: 300px) 100vw, 300px\" \/>La edil nacionalista Mtra. Claudia Bertalm\u00edo efectu\u00f3 varios planteos en la \u00faltima sesi\u00f3n de la Junta Departamental, como el asfaltado en ciertas calles de Villa del Carmen, <\/strong><strong>la falta de estacionamientos para veh\u00edculos de personas con discapacidad,<\/strong><strong> entre otros.<\/strong><\/p>\n<p>Sobre el primero se\u00f1al\u00f3 que <em>\u201cDesde Avenida Bulevar Artigas, calle Carmelo Vignoli hasta camino de los paraguayos se encuentra asfaltada, pero qued\u00f3 un tramo de 400 metros sin hacer, frente a Mevir 3 y 4. Existe la inquietud de que se complete ese asfaltado que une calle Carmelo Vignoli con Camino de Los paraguayos. <\/em><em>Pido que estas palabras pasen al Municipio de Villa del Carmen y al Director de Obras de la Intendencia sr. Mat\u00edas Cabrera.\u201d<\/em><\/p>\n<p>En segundo lugar, Bertalm\u00edo se refiri\u00f3 a <em>\u201cla necesidad de que en los lugares donde comercializan bebidas alcoh\u00f3licas cuenten con bebidas sin alcohol. Las bebidas no alcoh\u00f3licas a menudo se perciben como un reemplazo de sus contrapartes alcoh\u00f3licas\u201d<\/em> acot\u00f3 <em>\u201cLas investigaciones muestran que <u>el 20% de la cerveza sin alcohol se vende como reemplazo de los refrescos<\/u>. Para una persona que debe dejar la bebida alcoh\u00f3lica por determinada raz\u00f3n y asiste a un evento, a una reuni\u00f3n, a un bar o restaurante encuentran en estas nuevas etiquetas una opci\u00f3n. Por lo tanto, es importante que exista la bebida sin alcohol en todo evento, en locales de la ciudad donde se venden bebidas alcoh\u00f3licas. Sabemos que el consumo de bebidas alcoh\u00f3licas puede afectar la econom\u00eda de una persona, sin mencionar todos los problemas f\u00edsicos y psicol\u00f3gicos. Por lo tanto, la existencia de bebidas 0% alcohol en los distintos locales de la ciudad es una medida para apoyar a aquellas personas que est\u00e1n intentando dejar el consumo de alcohol. Este planteo se presenta debido a que en conversaci\u00f3n con varias personas que buscan esta opci\u00f3n nos comentaban que no es muy f\u00e1cil conseguir cervezas cero alcoholes, que adem\u00e1s de que imita muy bien el sabor y la consistencia de la cerveza tradicional tiene mucho menos calor\u00edas y puede ser consumida por embarazadas, o quienes est\u00e1n llevando un tratamiento con antibi\u00f3ticos, ya que no existen contraindicaciones.\u201d<\/em><\/p>\n<p>Sus palabras pasar\u00e1n al Ministerio de Industria, Centro Comercial, Cambadu e INAU.<\/p>\n<p>Finalmente plante\u00f3 la inquietud de <em>\u201cla falta de estacionamientos para matr\u00edculas DI, en el caso de Durazno QDI, que son veh\u00edculos para personas con discapacidad, estacionamientos que deber\u00edan estar presentes en Plaza Sarand\u00ed y Plaza Independencia, que a su vez son las m\u00e1s visitadas por los \u00f3mnibus de excursiones. Se plantea que de lunes a viernes estos estacionamientos DI ser\u00edan ocupados por esa poblaci\u00f3n y los fines de semana por \u00f3mnibus de excursiones que llegan a la ciudad ya que es un problema para \u00e9stos no tener donde estacionar s\u00e1bados y domingos\u201d.<\/em><\/p>\n<p>La curul agreg\u00f3 que <em>\u201cel Bioparque tambi\u00e9n carece de un estacionamiento accesible, de un DI y tambi\u00e9n posee una carteler\u00eda muy peligrosa principalmente para personas con discapacidad visual: hablamos de una chapa a la altura de la cintura ( de no estacionar) de los que hay 14 carteles de \u00e9stos. Es m\u00e1s, para cualquier persona es peligroso: un ni\u00f1o distra\u00eddo o corriendo que se pegue con esa chapa en el filo se hace una herida profunda porque el material es una chapa dura y muy filosa. Ah\u00ed deber\u00eda ir el estacionamiento DI que permita a las personas con discapacidad estacionar all\u00ed. No es un privilegio, \u00e9sto es una necesidad. <\/em><\/p>\n<p><em>Sabemos que est\u00e1 previsto en la Ley de Protecci\u00f3n Integral de personas con discapacidad, ley 18.651, en el Art\u00edculo 8 literal K: \u201cAdecuaci\u00f3n urbana, edilicia y de paseo p\u00fablico, sea en \u00e1reas cerradas o abiertas.\u201d El Estado prestar\u00e1 asistencia coordinada a las personas con discapacidad para que tengan el beneficio que les permita desempe\u00f1ar en la sociedad un papel equivalente al que ejercen las dem\u00e1s personas. \u00bfPor qu\u00e9 la accesibilidad es importante?<\/em><\/p>\n<p>Concluy\u00f3 asegurando que <em>\u201cse ha demostrado que gracias a la accesibilidad se mejora la calidad de vida de las personas y de la sociedad en su totalidad. Si bien estamos al tanto de que Bioparque es un lugar en el que se ha trabajado en accesibilidad, por ejemplo: caminer\u00eda interna que es accesible, carteler\u00eda en macrotipo, letras grandes para baja visi\u00f3n, sistema braille para personas ciegas. No desconocemos eso, pero tambi\u00e9n percibimos el peligro que implica la carteler\u00eda en este dise\u00f1o, en este material y en el lugar que se encuentran. y para que exista accesibilidad se deben\u00a0 incluir\u00a0 las condiciones del entorno que permitan la participaci\u00f3n plena de todas las personas en condiciones de autonom\u00eda y seguridad<\/em>\u201d.<\/p>\n<p>Pidi\u00f3 que estas palabras pasaran al Intendente Departamental, a Tr\u00e1nsito y al Director de Desarrollo de la Intendencia Departamental de Durazno.<\/p>\n<p>&nbsp;<\/p>\n<p>&nbsp;<\/p>\n<p>&nbsp;<\/p>\n<p>&nbsp;<\/p>\n<p>&nbsp;<\/p>\n","protected":false},"excerpt":{"rendered":"<p>La edil nacionalista Mtra. Claudia Bertalm\u00edo efectu\u00f3 varios planteos en la \u00faltima sesi\u00f3n de la&#8230;<\/p>\n","protected":false},"author":2,"featured_media":31250,"comment_status":"closed","ping_status":"closed","sticky":false,"template":"","format":"standard","meta":{"footnotes":"","jetpack_publicize_message":"{title}\n\n{excerpt}\n\n{url}","jetpack_publicize_feature_enabled":true,"jetpack_social_post_already_shared":true,"jetpack_social_options":{"image_generator_settings":{"template":"fullscreen","default_image_id":0,"font":"","enabled":false},"version":2},"_wpas_customize_per_network":false},"categories":[36],"tags":[],"class_list":["post-31248","post","type-post","status-publish","format-standard","has-post-thumbnail","hentry","category-junta-departamental"],"jetpack_publicize_connections":[],"_links":{"self":[{"href":"https:\/\/duraznohoy.com\/index.php?rest_route=\/wp\/v2\/posts\/31248","targetHints":{"allow":["GET"]}}],"collection":[{"href":"https:\/\/duraznohoy.com\/index.php?rest_route=\/wp\/v2\/posts"}],"about":[{"href":"https:\/\/duraznohoy.com\/index.php?rest_route=\/wp\/v2\/types\/post"}],"author":[{"embeddable":true,"href":"https:\/\/duraznohoy.com\/index.php?rest_route=\/wp\/v2\/users\/2"}],"replies":[{"embeddable":true,"href":"https:\/\/duraznohoy.com\/index.php?rest_route=%2Fwp%2Fv2%2Fcomments&post=31248"}],"version-history":[{"count":0,"href":"https:\/\/duraznohoy.com\/index.php?rest_route=\/wp\/v2\/posts\/31248\/revisions"}],"wp:featuredmedia":[{"embeddable":true,"href":"https:\/\/duraznohoy.com\/index.php?rest_route=\/wp\/v2\/media\/31250"}],"wp:attachment":[{"href":"https:\/\/duraznohoy.com\/index.php?rest_route=%2Fwp%2Fv2%2Fmedia&parent=31248"}],"wp:term":[{"taxonomy":"category","embeddable":true,"href":"https:\/\/duraznohoy.com\/index.php?rest_route=%2Fwp%2Fv2%2Fcategories&post=31248"},{"taxonomy":"post_tag","embeddable":true,"href":"https:\/\/duraznohoy.com\/index.php?rest_route=%2Fwp%2Fv2%2Ftags&post=31248"}],"curies":[{"name":"wp","href":"https:\/\/api.w.org\/{rel}","templated":true}]}}