{"id":31609,"date":"2022-05-09T10:25:14","date_gmt":"2022-05-09T13:25:14","guid":{"rendered":"http:\/\/duraznohoy.com\/?p=31609"},"modified":"2022-05-09T10:25:14","modified_gmt":"2022-05-09T13:25:14","slug":"prision-preventiva-a-mujer-agresora","status":"publish","type":"post","link":"https:\/\/duraznohoy.com\/?p=31609","title":{"rendered":"Prisi\u00f3n preventiva a mujer agresora."},"content":{"rendered":"<p><strong>La Justicia dispuso prisi\u00f3n preventiva para la mujer que hiri\u00f3 a dos personas el pasado s\u00e1bado.<\/strong><\/p>\n<p>En las \u00faltimas horas se conocieron m\u00e1s detalles del hecho en el cual una mujer hiri\u00f3 a otra con una tijera y posteriormente hizo lo propio con un masculino mientras este la conduc\u00eda en un birrodado.<\/p>\n<p>Ambas personas contin\u00faan hospitalizadas por las lesiones recibidas.<\/p>\n<p>Seg\u00fan informa Tele noticias Canal 8, la polic\u00eda detuvo a la mujer y este domingo declar\u00f3 ante la Fiscal.<\/p>\n<p>Una vez culminada audiencia en Fiscal\u00eda y de acuerdo a Oficio del Juzgado Letrado de 1er turno de Durazno se comunica que <strong><em>\u201cpor Resoluci\u00f3n del d\u00eda de la fecha se formaliz\u00f3 la investigaci\u00f3n contra la agresora por la presunta comisi\u00f3n de dos delitos de Lesiones graves agravadas en calidad de autora. <\/em><\/strong><\/p>\n<p><strong><em>As\u00ed mismo se dispuso como medida cautelar la prisi\u00f3n preventiva de la imputada por el plazo de 90 d\u00edas.\u201d<\/em><\/strong><\/p>\n","protected":false},"excerpt":{"rendered":"<p>La Justicia dispuso prisi\u00f3n preventiva para la mujer que hiri\u00f3 a dos personas el pasado&#8230;<\/p>\n","protected":false},"author":2,"featured_media":31610,"comment_status":"closed","ping_status":"closed","sticky":false,"template":"","format":"standard","meta":{"footnotes":"","jetpack_publicize_message":"{title}\n\n{excerpt}\n\n{url}","jetpack_publicize_feature_enabled":true,"jetpack_social_post_already_shared":true,"jetpack_social_options":{"image_generator_settings":{"template":"fullscreen","default_image_id":0,"font":"","enabled":false},"version":2},"_wpas_customize_per_network":false},"categories":[79],"tags":[],"class_list":["post-31609","post","type-post","status-publish","format-standard","has-post-thumbnail","hentry","category-justicia"],"jetpack_publicize_connections":[],"_links":{"self":[{"href":"https:\/\/duraznohoy.com\/index.php?rest_route=\/wp\/v2\/posts\/31609","targetHints":{"allow":["GET"]}}],"collection":[{"href":"https:\/\/duraznohoy.com\/index.php?rest_route=\/wp\/v2\/posts"}],"about":[{"href":"https:\/\/duraznohoy.com\/index.php?rest_route=\/wp\/v2\/types\/post"}],"author":[{"embeddable":true,"href":"https:\/\/duraznohoy.com\/index.php?rest_route=\/wp\/v2\/users\/2"}],"replies":[{"embeddable":true,"href":"https:\/\/duraznohoy.com\/index.php?rest_route=%2Fwp%2Fv2%2Fcomments&post=31609"}],"version-history":[{"count":0,"href":"https:\/\/duraznohoy.com\/index.php?rest_route=\/wp\/v2\/posts\/31609\/revisions"}],"wp:featuredmedia":[{"embeddable":true,"href":"https:\/\/duraznohoy.com\/index.php?rest_route=\/wp\/v2\/media\/31610"}],"wp:attachment":[{"href":"https:\/\/duraznohoy.com\/index.php?rest_route=%2Fwp%2Fv2%2Fmedia&parent=31609"}],"wp:term":[{"taxonomy":"category","embeddable":true,"href":"https:\/\/duraznohoy.com\/index.php?rest_route=%2Fwp%2Fv2%2Fcategories&post=31609"},{"taxonomy":"post_tag","embeddable":true,"href":"https:\/\/duraznohoy.com\/index.php?rest_route=%2Fwp%2Fv2%2Ftags&post=31609"}],"curies":[{"name":"wp","href":"https:\/\/api.w.org\/{rel}","templated":true}]}}