{"id":31653,"date":"2022-05-10T23:59:20","date_gmt":"2022-05-11T02:59:20","guid":{"rendered":"http:\/\/duraznohoy.com\/?p=31653"},"modified":"2022-05-10T23:59:20","modified_gmt":"2022-05-11T02:59:20","slug":"corrigiendo","status":"publish","type":"post","link":"https:\/\/duraznohoy.com\/?p=31653","title":{"rendered":"Corrigiendo."},"content":{"rendered":"<p><strong>La Liga de F\u00fatbol \u00abCiudad de Durazno\u00bb confirm\u00f3 este martes los horarios correctos de los partidos de Sub 15 y Sub 20 a jugarse este fin de semana.<\/strong><\/p>\n<p>Este martes se desarroll\u00f3 una sesi\u00f3n extraordinaria del Consejo de la Liga de F\u00fatbol, para realizar modificaciones respecto a la fecha f\u00fatbol fijada el lunes.<\/p>\n<p>En la sesi\u00f3n habitual del Consejo de Liga, se incurri\u00f3 en el error de fijar partidos a la \u00a0misma hora que el s\u00e1bado jugar\u00e1 la selecci\u00f3n Sub-17 de Durazno, en el marco de la vuelta semifinal de la Copa Nacional de Selecciones de OFI (Organizaci\u00f3n de F\u00fatbol del Interior).<\/p>\n<p>Los encuentros que en un principio se hab\u00edan fijado para el s\u00e1bado, ahora fueron reprogramados para el d\u00eda domingo.<\/p>\n<p><u>Detalles <\/u><\/p>\n<p><strong>S\u00e1bado 14 de mayo<\/strong><\/p>\n<p><u>Cancha de Racing <\/u><\/p>\n<p>Central vs Racing<\/p>\n<p>17:00: Sub-15<\/p>\n<p>19:00: Sub-20<\/p>\n<p><strong>Domingo 15 de mayo<\/strong><\/p>\n<p><u>Campus de Santa Bernardina <\/u><\/p>\n<p>Santa Bernardina vs Wanderers<\/p>\n<p>11:00: Sub-15<\/p>\n<p><u>Estadio 14 de Octubre <\/u><\/p>\n<p>Sportivo Y\u00ed vs La Lanera<\/p>\n<p>13:30: Sub-15<\/p>\n<p>15:30: Sub-20<\/p>\n<p><u>Cancha El Abrojal<\/u><\/p>\n<p>Nacional vs Artigas<\/p>\n<p>13:30: Sub-15<\/p>\n<p>15:30: Sub-20<\/p>\n<p><u>Complejo Pasi\u00f3n Picapiedra <\/u><\/p>\n<p>Rampla Juniors vs Juvenil<\/p>\n<p>13:30: Sub-15<\/p>\n<p>15:30: Sub-20<\/p>\n<ul>\n<li><em><strong>Fuente: Mauricio Delgado &#8211; Ganadores 960<\/strong><\/em><\/li>\n<\/ul>\n","protected":false},"excerpt":{"rendered":"<p>La Liga de F\u00fatbol \u00abCiudad de Durazno\u00bb confirm\u00f3 este martes los horarios correctos de los&#8230;<\/p>\n","protected":false},"author":2,"featured_media":31654,"comment_status":"closed","ping_status":"closed","sticky":false,"template":"","format":"standard","meta":{"footnotes":"","jetpack_publicize_message":"{title}\n\n{excerpt}\n\n{url}","jetpack_publicize_feature_enabled":true,"jetpack_social_post_already_shared":true,"jetpack_social_options":{"image_generator_settings":{"template":"fullscreen","default_image_id":0,"font":"","enabled":false},"version":2},"_wpas_customize_per_network":false},"categories":[99],"tags":[],"class_list":["post-31653","post","type-post","status-publish","format-standard","has-post-thumbnail","hentry","category-liga-de-futbol-ciudad-de-durazno"],"jetpack_publicize_connections":[],"_links":{"self":[{"href":"https:\/\/duraznohoy.com\/index.php?rest_route=\/wp\/v2\/posts\/31653","targetHints":{"allow":["GET"]}}],"collection":[{"href":"https:\/\/duraznohoy.com\/index.php?rest_route=\/wp\/v2\/posts"}],"about":[{"href":"https:\/\/duraznohoy.com\/index.php?rest_route=\/wp\/v2\/types\/post"}],"author":[{"embeddable":true,"href":"https:\/\/duraznohoy.com\/index.php?rest_route=\/wp\/v2\/users\/2"}],"replies":[{"embeddable":true,"href":"https:\/\/duraznohoy.com\/index.php?rest_route=%2Fwp%2Fv2%2Fcomments&post=31653"}],"version-history":[{"count":0,"href":"https:\/\/duraznohoy.com\/index.php?rest_route=\/wp\/v2\/posts\/31653\/revisions"}],"wp:featuredmedia":[{"embeddable":true,"href":"https:\/\/duraznohoy.com\/index.php?rest_route=\/wp\/v2\/media\/31654"}],"wp:attachment":[{"href":"https:\/\/duraznohoy.com\/index.php?rest_route=%2Fwp%2Fv2%2Fmedia&parent=31653"}],"wp:term":[{"taxonomy":"category","embeddable":true,"href":"https:\/\/duraznohoy.com\/index.php?rest_route=%2Fwp%2Fv2%2Fcategories&post=31653"},{"taxonomy":"post_tag","embeddable":true,"href":"https:\/\/duraznohoy.com\/index.php?rest_route=%2Fwp%2Fv2%2Ftags&post=31653"}],"curies":[{"name":"wp","href":"https:\/\/api.w.org\/{rel}","templated":true}]}}