{"id":31657,"date":"2022-05-11T17:46:58","date_gmt":"2022-05-11T20:46:58","guid":{"rendered":"http:\/\/duraznohoy.com\/?p=31657"},"modified":"2022-05-11T20:28:45","modified_gmt":"2022-05-11T23:28:45","slug":"exposicioin-inedita-en-el-museo","status":"publish","type":"post","link":"https:\/\/duraznohoy.com\/?p=31657","title":{"rendered":"Exposici\u00f3n in\u00e9dita en el Museo."},"content":{"rendered":"<p><strong><img loading=\"lazy\" decoding=\"async\" class=\" wp-image-31659 alignright\" src=\"https:\/\/duraznohoy.com\/wp-content\/uploads\/2022\/05\/MUSEO-AHORA2-300x225.jpg\" alt=\"\" width=\"244\" height=\"183\" srcset=\"https:\/\/duraznohoy.com\/wp-content\/uploads\/2022\/05\/MUSEO-AHORA2-300x225.jpg 300w, https:\/\/duraznohoy.com\/wp-content\/uploads\/2022\/05\/MUSEO-AHORA2-768x576.jpg 768w, https:\/\/duraznohoy.com\/wp-content\/uploads\/2022\/05\/MUSEO-AHORA2.jpg 863w\" sizes=\"auto, (max-width: 244px) 100vw, 244px\" \/>Una interesante Muestra qued\u00f3 inaugurada en la tarde de este viernes en el Museo Hist\u00f3rico \u201cCasa de Rivera\u201d.<\/strong><\/p>\n<p>Se trata de la Exposici\u00f3n \u201cReencuentro con la Tradici\u00f3n \u2013 Acervo Art\u00edstico del banco Rep\u00fablica\u00bb.<\/p>\n<p>Una serie de obras originales y r\u00e9plicas en bronce de estatuas y monumentos de varios autores uruguayos\u00a0 como Juan Peluffo, Jos\u00e9 Belloni, Jos\u00e9 Luis Zorrilla de San Mart\u00edn, Enrique Castells Capurro y Federico Reilly,\u00a0 entre otros\u00a0 integran la muestra que podr\u00e1 visitarse en el horario del Museo.<\/p>\n<p>En la apertura el Licenciado <strong>Oscar Padr\u00f3n Favre<\/strong>, destac\u00f3 la importancia de contar en el interior con esta muestra por la calidad de la misma <em><strong>\u201cpara el museo y para Durazno en el marco del bicentenario, es realmente muy importante contar con una exposici\u00f3n tan valiosa. Estamos hablando de un acervo superior a las mil obras de arte que tiene el Banco Rep\u00fablica, esa instituci\u00f3n tan importante a lo largo de 126 a\u00f1os de historia\u201d<\/strong><\/em><\/p>\n<p><img loading=\"lazy\" decoding=\"async\" class=\"wp-image-31660 alignleft\" src=\"https:\/\/duraznohoy.com\/wp-content\/uploads\/2022\/05\/MUSEO-AHORA3-300x216.jpg\" alt=\"\" width=\"228\" height=\"164\" srcset=\"https:\/\/duraznohoy.com\/wp-content\/uploads\/2022\/05\/MUSEO-AHORA3-300x216.jpg 300w, https:\/\/duraznohoy.com\/wp-content\/uploads\/2022\/05\/MUSEO-AHORA3-1024x738.jpg 1024w, https:\/\/duraznohoy.com\/wp-content\/uploads\/2022\/05\/MUSEO-AHORA3-768x553.jpg 768w, https:\/\/duraznohoy.com\/wp-content\/uploads\/2022\/05\/MUSEO-AHORA3-1536x1107.jpg 1536w, https:\/\/duraznohoy.com\/wp-content\/uploads\/2022\/05\/MUSEO-AHORA3.jpg 1904w\" sizes=\"auto, (max-width: 228px) 100vw, 228px\" \/>La Contadora <strong>Ana Lorenzo<\/strong>, coordinadora ejecutiva de la Fundaci\u00f3n Banco Rep\u00fablica, expres\u00f3 que la instituci\u00f3n retom\u00f3 el impulso de llevar este tipo de muestras al interior del pa\u00eds, siendo un honor presentarla en la ciudad de Durazno <strong><em>\u201cnos parece que este gran acervo que tiene el banco tenemos que compartirlo por los diferentes rincones del pa\u00eds y est\u00e1 enmarcado en un programa m\u00e1s amplio que comprende , no solo nuestro acervo art\u00edstico, sino que otras actividades que est\u00e1n dentro de lo que la fundaci\u00f3n hace que tiene que ver con educaci\u00f3n financiera y estamos ofreciendo a diferentes instituciones en el interior del pa\u00eds, hacer esos talleres de educaci\u00f3n financiera\u201d<\/em><\/strong><\/p>\n<p>Finalmente, el Intendente <strong>Lic. Carmelo Vidal\u00edn<\/strong>, agradeci\u00f3 a la Fundaci\u00f3n Banco Rep\u00fablica <em><strong>\u00aby nos congratula m\u00e1s porque es el banco pa\u00eds, el banco de todos nosotros, que adem\u00e1s de trabajar con lo financiero, recaudatorio, permite que apostemos a la cultura, que ese acervo que puede estar encerrado entre cuatro paredes en casa central, tambi\u00e9n llegue, como acostumbra decir mi querido amigo Oscar Padr\u00f3n, m\u00e1s all\u00e1 de los l\u00edmites del Santa Luc\u00eda, que no quede solamente para que lo disfrute la gente que est\u00e1 de frente al mar y de espalda al interior.\u00bb<\/strong><\/em><\/p>\n<p>Es de destacar que tambi\u00e9n en la sucursal Durazno del BROU quedar\u00e1 habilitada una muestra de plater\u00eda criolla.<\/p>\n","protected":false},"excerpt":{"rendered":"<p>Una interesante Muestra qued\u00f3 inaugurada en la tarde de este viernes en el Museo Hist\u00f3rico&#8230;<\/p>\n","protected":false},"author":2,"featured_media":31658,"comment_status":"closed","ping_status":"closed","sticky":false,"template":"","format":"standard","meta":{"footnotes":"","jetpack_publicize_message":"{title}\n\n{excerpt}\n\n{url}","jetpack_publicize_feature_enabled":true,"jetpack_social_post_already_shared":true,"jetpack_social_options":{"image_generator_settings":{"template":"fullscreen","default_image_id":0,"font":"","enabled":false},"version":2},"_wpas_customize_per_network":false},"categories":[22],"tags":[],"class_list":["post-31657","post","type-post","status-publish","format-standard","has-post-thumbnail","hentry","category-cultura"],"jetpack_publicize_connections":[],"_links":{"self":[{"href":"https:\/\/duraznohoy.com\/index.php?rest_route=\/wp\/v2\/posts\/31657","targetHints":{"allow":["GET"]}}],"collection":[{"href":"https:\/\/duraznohoy.com\/index.php?rest_route=\/wp\/v2\/posts"}],"about":[{"href":"https:\/\/duraznohoy.com\/index.php?rest_route=\/wp\/v2\/types\/post"}],"author":[{"embeddable":true,"href":"https:\/\/duraznohoy.com\/index.php?rest_route=\/wp\/v2\/users\/2"}],"replies":[{"embeddable":true,"href":"https:\/\/duraznohoy.com\/index.php?rest_route=%2Fwp%2Fv2%2Fcomments&post=31657"}],"version-history":[{"count":0,"href":"https:\/\/duraznohoy.com\/index.php?rest_route=\/wp\/v2\/posts\/31657\/revisions"}],"wp:featuredmedia":[{"embeddable":true,"href":"https:\/\/duraznohoy.com\/index.php?rest_route=\/wp\/v2\/media\/31658"}],"wp:attachment":[{"href":"https:\/\/duraznohoy.com\/index.php?rest_route=%2Fwp%2Fv2%2Fmedia&parent=31657"}],"wp:term":[{"taxonomy":"category","embeddable":true,"href":"https:\/\/duraznohoy.com\/index.php?rest_route=%2Fwp%2Fv2%2Fcategories&post=31657"},{"taxonomy":"post_tag","embeddable":true,"href":"https:\/\/duraznohoy.com\/index.php?rest_route=%2Fwp%2Fv2%2Ftags&post=31657"}],"curies":[{"name":"wp","href":"https:\/\/api.w.org\/{rel}","templated":true}]}}