{"id":31664,"date":"2022-05-11T18:59:22","date_gmt":"2022-05-11T21:59:22","guid":{"rendered":"http:\/\/duraznohoy.com\/?p=31664"},"modified":"2022-05-11T18:59:22","modified_gmt":"2022-05-11T21:59:22","slug":"varias-resoluciones-de-la-liga-infantil","status":"publish","type":"post","link":"https:\/\/duraznohoy.com\/?p=31664","title":{"rendered":"Varias resoluciones de la Liga Infantil."},"content":{"rendered":"<p><strong>Este martes sesion\u00f3 el Consejo de la Liga de F\u00fatbol Infantil, portunidad en la que se trataron diversos e importantes temas.<\/strong><\/p>\n<p>Se confirmaron las bajas de jugadores por parte de los clubes y tambi\u00e9n se habl\u00f3 sobre una conferencia a desarrollarse del pr\u00f3ximo jueves con autoridades de ONFI y la presencia de las ocho ligas de la zona 5, donde se van a tocar temas como el nombramiento de la mesa zonal, que est\u00e1 integrada por un titular y dos suplentes.<\/p>\n<p>Sobre este tema, cabe la posibilidad de que integre esa terna quien participa hoy como protesorero y prosecretario rentado de la liga, Pablo Gonz\u00e1lez.<\/p>\n<p>En esa reuni\u00f3n se van a definir las fechas de inicio de los Campeonatos Nacionales. Las categor\u00edas 2010, 2011 y 2012 van a competir en sedes fijas.<\/p>\n<p>Adem\u00e1s, en ese Congreso, que ser\u00e1 v\u00eda ZOOM, se va hablar sobre la posibilidad de traer para Durazno un curso de entrenadores.<\/p>\n<p><strong>Comisi\u00f3n de Selecci\u00f3n<\/strong><\/p>\n<p>Previo a la sesi\u00f3n del consejo se reuni\u00f3 la Comisi\u00f3n de Selecci\u00f3n, que est\u00e1 integrada por Central (Manuel Mart\u00ednez), Villa Guadalupe (Jos\u00e9 Santana), Gallos Blancos (Ines Colina) y los neutrales maestro Ra\u00fal Pintos, Mauricio Delgado y como Coordinador General, Prof. Mauricio Aguirre, bajo la presidencia de Mario P\u00edriz.<\/p>\n<p><strong>Desigaron T\u00e9cnicos.<\/strong><\/p>\n<p>Se design\u00f3 a Alfonso Dom\u00ednguez como entrenador de la selecci\u00f3n Sub-13 de Durazno, la generaci\u00f3n 2012 va a ser dirigida por Pablo Viana, la 2011 por Gustavo Oneil y la 2010 por Valent\u00edn Betancor. Y la selecci\u00f3n de ni\u00f1as ser\u00e1 dirigida t\u00e9cnicamente por Anal\u00eda Barteloni.<\/p>\n<p>Todas las selecciones van a competir este a\u00f1o a nivel de la Organizaci\u00f3n Nacional de F\u00fatbol Infantil (ONFI).<\/p>\n<p>Los entrenadores designados est\u00e1n convocados para el pr\u00f3ximo mi\u00e9rcoles 18 de mayo a la hora 18:30 en el estadio Jos\u00e9 Pedro Varela para una reuni\u00f3n con la Comisi\u00f3n de Selecci\u00f3n. Y la Liga se va a reunir tambi\u00e9n el pr\u00f3ximo mi\u00e9rcoles. El motivo es que hoy (mi\u00e9rcoles) estar\u00e1 comenzando el periodo de pases que son cinco d\u00edas h\u00e1biles (mi\u00e9rcoles, jueves, viernes, lunes y martes) en el estadio Varela de 18:30 a 21:00 horas. Es el \u00fanico per\u00edodo de pases que va a haber en el a\u00f1o, y es la \u00fanica oportunidad que los chicos puedan pedir pase, con el concentiemiento del club origen.<\/p>\n<p><strong>Nominaci\u00f3n de los campeonatos locales.<\/strong><\/p>\n<p>El Torneo Apertura llevar\u00e1 el nombre de <em><strong>Roberto Pirul\u00edn G\u00f3mez<\/strong><\/em>, en homenaje a alguien fallecido recientemente y que marc\u00f3 una importante huella en el f\u00fatbol infantil.<\/p>\n<p>El Clausura llevar\u00e1 el nombre de <em><strong>Ruben Puglia<\/strong><\/em>, gran trabajador del f\u00fatbol infantil.<\/p>\n<p>La Tabla Anual se design\u00f3 con el nombre del <em><strong>profesor Mauricio Aguirre Morales<\/strong><\/em>, para la Liga es un honor contar con el profesor como vicepresidente.<\/p>\n<p>El campeonato de ni\u00f1as ha sido designado con el nombre de <em><strong>Mar\u00eda De Los Santos \u201cLa China\u201d,<\/strong><\/em> una gran trabajadora por la gran barriada de Villa Guadalupe, la cual est\u00e1 pasando por un quebranto de salud.<\/p>\n<p>La temporada se denomin\u00f3 100 a\u00f1os del <em><strong>club Atl\u00e9tico Central.<\/strong><\/em><\/p>\n<p><strong>Comisi\u00f3n de \u00c1rbitros<\/strong><\/p>\n<p>Qued\u00f3 conformada una Comisi\u00f3n de \u00c1rbitros, la presidencia recay\u00f3 en Andr\u00e9s Monz\u00f3n, Federico Barrios (secretario) y Hugo Gonz\u00e1lez (tesorero).<\/p>\n<p>Esa comisi\u00f3n va a ser el nexo entre los \u00e1rbitros y el Consejo de la Liga.<\/p>\n<p><strong>Costo de entrada y reconocimiento<\/strong><\/p>\n<p>Se estableci\u00f3 en $50 el costo de la entrada de cara a la temporada 2022 del f\u00fatbol infantil y se comunic\u00f3 que se va a entablar una entrevista con las autoridades municipales, para hacer entrega un reconocimiento con motivo del Bicentenario de la ciudad de Durazno y en agradecimiento del aporte de la comuna local para con el balompi\u00e9 menor.<\/p>\n","protected":false},"excerpt":{"rendered":"<p>Este martes sesion\u00f3 el Consejo de la Liga de F\u00fatbol Infantil, portunidad en la que&#8230;<\/p>\n","protected":false},"author":2,"featured_media":31665,"comment_status":"closed","ping_status":"closed","sticky":false,"template":"","format":"standard","meta":{"footnotes":"","jetpack_publicize_message":"{title}\n\n{excerpt}\n\n{url}","jetpack_publicize_feature_enabled":true,"jetpack_social_post_already_shared":true,"jetpack_social_options":{"image_generator_settings":{"template":"fullscreen","default_image_id":0,"font":"","enabled":false},"version":2},"_wpas_customize_per_network":false},"categories":[78],"tags":[],"class_list":["post-31664","post","type-post","status-publish","format-standard","has-post-thumbnail","hentry","category-liga-de-futbol-infantil"],"jetpack_publicize_connections":[],"_links":{"self":[{"href":"https:\/\/duraznohoy.com\/index.php?rest_route=\/wp\/v2\/posts\/31664","targetHints":{"allow":["GET"]}}],"collection":[{"href":"https:\/\/duraznohoy.com\/index.php?rest_route=\/wp\/v2\/posts"}],"about":[{"href":"https:\/\/duraznohoy.com\/index.php?rest_route=\/wp\/v2\/types\/post"}],"author":[{"embeddable":true,"href":"https:\/\/duraznohoy.com\/index.php?rest_route=\/wp\/v2\/users\/2"}],"replies":[{"embeddable":true,"href":"https:\/\/duraznohoy.com\/index.php?rest_route=%2Fwp%2Fv2%2Fcomments&post=31664"}],"version-history":[{"count":0,"href":"https:\/\/duraznohoy.com\/index.php?rest_route=\/wp\/v2\/posts\/31664\/revisions"}],"wp:featuredmedia":[{"embeddable":true,"href":"https:\/\/duraznohoy.com\/index.php?rest_route=\/wp\/v2\/media\/31665"}],"wp:attachment":[{"href":"https:\/\/duraznohoy.com\/index.php?rest_route=%2Fwp%2Fv2%2Fmedia&parent=31664"}],"wp:term":[{"taxonomy":"category","embeddable":true,"href":"https:\/\/duraznohoy.com\/index.php?rest_route=%2Fwp%2Fv2%2Fcategories&post=31664"},{"taxonomy":"post_tag","embeddable":true,"href":"https:\/\/duraznohoy.com\/index.php?rest_route=%2Fwp%2Fv2%2Ftags&post=31664"}],"curies":[{"name":"wp","href":"https:\/\/api.w.org\/{rel}","templated":true}]}}