{"id":31675,"date":"2022-05-12T00:50:58","date_gmt":"2022-05-12T03:50:58","guid":{"rendered":"http:\/\/duraznohoy.com\/?p=31675"},"modified":"2022-05-12T13:44:43","modified_gmt":"2022-05-12T16:44:43","slug":"cuenta-cultura-en-su-sexta-edicion","status":"publish","type":"post","link":"https:\/\/duraznohoy.com\/?p=31675","title":{"rendered":"Cuenta Cultura en su sexta edici\u00f3n"},"content":{"rendered":"<p><strong>Hoy jueves comienza la sexta edici\u00f3n de Cuenta Cultura, organizada por un grupo independiente de gestores culturales, que se desarrollar\u00e1 en Aebu.<\/strong><\/p>\n<p>Algunas actividades permanentes son la exposici\u00f3n de libros de Ediciones de la Banda Oriental, La Buhardilla, Tierra Adentro, Quedelibros! y el Taller Literario de Uni-3.<\/p>\n<p>Tambi\u00e9n una expo artesanal de emprendedores de Redex, exposici\u00f3n fotogr\u00e1fica de Foto Club Durazno, Flavio Echeverr\u00eda, Ram\u00f3n P\u00e9rez, Ana Figari y el Club de Observadores de Aves junto con una rese\u00f1a por los 80 a\u00f1os de Aebu.<\/p>\n<p>El Fpb Gastronomia a cargo de la profesora Carola Areosa tendr\u00e1 a su cargo la cantina.<\/p>\n<p>La agenda del jueves invita desde la hora 10 con varias propuestas, una de ellas sobre la Divina Comedia a cargo de los profesores Gabriela Basterrech y Gabriel Bogarin, participando tambi\u00e9n Uni-3.<\/p>\n<p>Se presentar\u00e1 la Escuela de Educaci\u00f3n Art\u00edstica, una charla sobre sostenibilidad ambiental, jornada de cuentos titulada \u00abAbu, me contas?\u00bb y la presentaci\u00f3n del libro de Jes\u00fas Carlos Correa \u00abCon el r\u00edo en el alma\u00bb, con canciones de Brian Corbo .<\/p>\n<p>El cierre musical estar\u00e1 a cargo de Mauri Lema.<\/p>\n","protected":false},"excerpt":{"rendered":"<p>Hoy jueves comienza la sexta edici\u00f3n de Cuenta Cultura, organizada por un grupo independiente de&#8230;<\/p>\n","protected":false},"author":26,"featured_media":31676,"comment_status":"closed","ping_status":"closed","sticky":false,"template":"","format":"standard","meta":{"footnotes":"","jetpack_publicize_message":"{title}\n\n{excerpt}\n\n{url}","jetpack_publicize_feature_enabled":true,"jetpack_social_post_already_shared":true,"jetpack_social_options":{"image_generator_settings":{"template":"fullscreen","default_image_id":0,"font":"","enabled":false},"version":2},"_wpas_customize_per_network":false},"categories":[33],"tags":[],"class_list":["post-31675","post","type-post","status-publish","format-standard","has-post-thumbnail","hentry","category-actualidad"],"jetpack_publicize_connections":[],"_links":{"self":[{"href":"https:\/\/duraznohoy.com\/index.php?rest_route=\/wp\/v2\/posts\/31675","targetHints":{"allow":["GET"]}}],"collection":[{"href":"https:\/\/duraznohoy.com\/index.php?rest_route=\/wp\/v2\/posts"}],"about":[{"href":"https:\/\/duraznohoy.com\/index.php?rest_route=\/wp\/v2\/types\/post"}],"author":[{"embeddable":true,"href":"https:\/\/duraznohoy.com\/index.php?rest_route=\/wp\/v2\/users\/26"}],"replies":[{"embeddable":true,"href":"https:\/\/duraznohoy.com\/index.php?rest_route=%2Fwp%2Fv2%2Fcomments&post=31675"}],"version-history":[{"count":0,"href":"https:\/\/duraznohoy.com\/index.php?rest_route=\/wp\/v2\/posts\/31675\/revisions"}],"wp:featuredmedia":[{"embeddable":true,"href":"https:\/\/duraznohoy.com\/index.php?rest_route=\/wp\/v2\/media\/31676"}],"wp:attachment":[{"href":"https:\/\/duraznohoy.com\/index.php?rest_route=%2Fwp%2Fv2%2Fmedia&parent=31675"}],"wp:term":[{"taxonomy":"category","embeddable":true,"href":"https:\/\/duraznohoy.com\/index.php?rest_route=%2Fwp%2Fv2%2Fcategories&post=31675"},{"taxonomy":"post_tag","embeddable":true,"href":"https:\/\/duraznohoy.com\/index.php?rest_route=%2Fwp%2Fv2%2Ftags&post=31675"}],"curies":[{"name":"wp","href":"https:\/\/api.w.org\/{rel}","templated":true}]}}