{"id":31761,"date":"2022-05-17T10:58:28","date_gmt":"2022-05-17T13:58:28","guid":{"rendered":"http:\/\/duraznohoy.com\/?p=31761"},"modified":"2022-05-17T10:58:52","modified_gmt":"2022-05-17T13:58:52","slug":"deportes-inclusivo","status":"publish","type":"post","link":"https:\/\/duraznohoy.com\/?p=31761","title":{"rendered":"Deporte inclusivo"},"content":{"rendered":"<p><img loading=\"lazy\" decoding=\"async\" class=\"alignnone size-medium wp-image-31762\" src=\"https:\/\/duraznohoy.com\/wp-content\/uploads\/2022\/05\/Powerchair-Damian-Pereira-Prensa-IDD-2-300x240.jpg\" alt=\"\" width=\"300\" height=\"240\" srcset=\"https:\/\/duraznohoy.com\/wp-content\/uploads\/2022\/05\/Powerchair-Damian-Pereira-Prensa-IDD-2-300x240.jpg 300w, https:\/\/duraznohoy.com\/wp-content\/uploads\/2022\/05\/Powerchair-Damian-Pereira-Prensa-IDD-2.jpg 640w\" sizes=\"auto, (max-width: 300px) 100vw, 300px\" \/><\/p>\n<p>Dami\u00e1n Pereira, tiene 22 a\u00f1os, padece una patolog\u00eda de par\u00e1lisis con diplej\u00eda esp\u00e1stica de nacimiento, es duraznense y adem\u00e1s de estudiar desarrolla actividades deportivas, que son un ejemplo para cualquier persona.<\/p>\n<p>Practica dos deportes de gran importancia inclusiva y social: Boccias (Bochas adaptado a personas con dificultades motrices) cuya pr\u00e1ctica la inici\u00f3 en la Plaza de Deportes 1 de Durazno, y el deporte Powerchair, consistente en f\u00fatbol en silla de rueda el\u00e9ctrica, concurriendo semanalmente a la ciudad de Trinidad, Flores<\/p>\n<p>Gladis Cawen, es la mam\u00e1 de Dami\u00e1n y se\u00f1ala que el haber comenzado con estas dos actividades (Boccias y Powerchair), ayud\u00f3 mucho a su hijo.<\/p>\n<p>\u00abNos estamos integrando a este grupo de Flores \u00abCharr\u00faas\u00bb, al cual fuimos invitados y estamos totalmente agradecidos por Dami\u00e1n\u00bb, \u00abtenemos apoyo y muy contenta por \u00e9l porque como siempre digo, si \u00e9l es feliz, yo como mam\u00e1 soy feliz tambi\u00e9n\u00bb, se\u00f1ala.<\/p>\n<p>Agreg\u00f3 que el traslado es posible, por el apoyo de la IDD \u00abnos proporcion\u00f3 la camioneta la Intendencia de Durazno, con la cu\u00e1l tambi\u00e9n estamos muy agradecidos por la locomoci\u00f3n\u00bb, se\u00f1al\u00f3, Cawen, quien tambi\u00e9n valor\u00f3 \u00abel aporte humano en todo momento\u00bb, de la persona que realiza cada traslado, que incluye la silla de ruedas.<\/p>\n<p>Julio C\u00e9sar, Entrenador de ambas disciplinas deportivas, resalt\u00f3 que en apoyo a estas actividades \u00abhan trabajado muy bien los Intendentes de la regi\u00f3n. Flores poniendo la infraestructura deportiva, en este polideportivo que es orgullo de todos nosotros los \u00abtrinitarios\u00bb; pone los recursos humanos con el Prof. Fernando Lerena y yo, que tenemos horas docentes para trabajar en el deporte adaptado, y en el caso de Durazno que pone tambi\u00e9n recursos humanos y el traslado con veh\u00edculo de la comuna todos los s\u00e1bados para que Dami\u00e1n pueda estar accediendo a los entrenamientos; como tambi\u00e9n lo hace la Intendencia de Florida con Darwin Oca\u00f1o\u00bb.<\/p>\n","protected":false},"excerpt":{"rendered":"<p>Dami\u00e1n Pereira, tiene 22 a\u00f1os, padece una patolog\u00eda de par\u00e1lisis con diplej\u00eda esp\u00e1stica de nacimiento,&#8230;<\/p>\n","protected":false},"author":26,"featured_media":31762,"comment_status":"closed","ping_status":"closed","sticky":false,"template":"","format":"standard","meta":{"footnotes":"","jetpack_publicize_message":"{title}\n\n{excerpt}\n\n{url}","jetpack_publicize_feature_enabled":true,"jetpack_social_post_already_shared":true,"jetpack_social_options":{"image_generator_settings":{"template":"fullscreen","default_image_id":0,"font":"","enabled":false},"version":2},"_wpas_customize_per_network":false},"categories":[33],"tags":[],"class_list":["post-31761","post","type-post","status-publish","format-standard","has-post-thumbnail","hentry","category-actualidad"],"jetpack_publicize_connections":[],"_links":{"self":[{"href":"https:\/\/duraznohoy.com\/index.php?rest_route=\/wp\/v2\/posts\/31761","targetHints":{"allow":["GET"]}}],"collection":[{"href":"https:\/\/duraznohoy.com\/index.php?rest_route=\/wp\/v2\/posts"}],"about":[{"href":"https:\/\/duraznohoy.com\/index.php?rest_route=\/wp\/v2\/types\/post"}],"author":[{"embeddable":true,"href":"https:\/\/duraznohoy.com\/index.php?rest_route=\/wp\/v2\/users\/26"}],"replies":[{"embeddable":true,"href":"https:\/\/duraznohoy.com\/index.php?rest_route=%2Fwp%2Fv2%2Fcomments&post=31761"}],"version-history":[{"count":0,"href":"https:\/\/duraznohoy.com\/index.php?rest_route=\/wp\/v2\/posts\/31761\/revisions"}],"wp:featuredmedia":[{"embeddable":true,"href":"https:\/\/duraznohoy.com\/index.php?rest_route=\/wp\/v2\/media\/31762"}],"wp:attachment":[{"href":"https:\/\/duraznohoy.com\/index.php?rest_route=%2Fwp%2Fv2%2Fmedia&parent=31761"}],"wp:term":[{"taxonomy":"category","embeddable":true,"href":"https:\/\/duraznohoy.com\/index.php?rest_route=%2Fwp%2Fv2%2Fcategories&post=31761"},{"taxonomy":"post_tag","embeddable":true,"href":"https:\/\/duraznohoy.com\/index.php?rest_route=%2Fwp%2Fv2%2Ftags&post=31761"}],"curies":[{"name":"wp","href":"https:\/\/api.w.org\/{rel}","templated":true}]}}