{"id":31765,"date":"2022-05-17T11:00:48","date_gmt":"2022-05-17T14:00:48","guid":{"rendered":"http:\/\/duraznohoy.com\/?p=31765"},"modified":"2022-05-17T11:00:48","modified_gmt":"2022-05-17T14:00:48","slug":"uruguay-tango-estuvo-en-el-ccte","status":"publish","type":"post","link":"https:\/\/duraznohoy.com\/?p=31765","title":{"rendered":"Uruguay Tango estuvo en el CCTE"},"content":{"rendered":"<p><img loading=\"lazy\" decoding=\"async\" class=\"alignnone size-medium wp-image-31766\" src=\"https:\/\/duraznohoy.com\/wp-content\/uploads\/2022\/05\/TANGO-en-el-CCTE-Prensa-IDD-3-300x225.jpeg\" alt=\"\" width=\"300\" height=\"225\" srcset=\"https:\/\/duraznohoy.com\/wp-content\/uploads\/2022\/05\/TANGO-en-el-CCTE-Prensa-IDD-3-300x225.jpeg 300w, https:\/\/duraznohoy.com\/wp-content\/uploads\/2022\/05\/TANGO-en-el-CCTE-Prensa-IDD-3-1024x769.jpeg 1024w, https:\/\/duraznohoy.com\/wp-content\/uploads\/2022\/05\/TANGO-en-el-CCTE-Prensa-IDD-3-768x576.jpeg 768w, https:\/\/duraznohoy.com\/wp-content\/uploads\/2022\/05\/TANGO-en-el-CCTE-Prensa-IDD-3-1536x1153.jpeg 1536w, https:\/\/duraznohoy.com\/wp-content\/uploads\/2022\/05\/TANGO-en-el-CCTE-Prensa-IDD-3.jpeg 2048w\" sizes=\"auto, (max-width: 300px) 100vw, 300px\" \/><\/p>\n<p>El s\u00e1bado de noche se realiz\u00f3 en el Centro Cultural Teatro Espa\u00f1ol (CCTE), la presentaci\u00f3n de la compa\u00f1\u00eda \u00abUruguay Tango\u00bb, con \u00abEvolution\u00bb, espect\u00e1culo de tangos y milongas.<\/p>\n<p>Una puesta en escena del m\u00fasico y compositor Enrique G\u00f3mez, con la participaci\u00f3n especial de la cantante Gabriela \u00abTana\u00bb Riccieri.<\/p>\n","protected":false},"excerpt":{"rendered":"<p>El s\u00e1bado de noche se realiz\u00f3 en el Centro Cultural Teatro Espa\u00f1ol (CCTE), la presentaci\u00f3n&#8230;<\/p>\n","protected":false},"author":26,"featured_media":31766,"comment_status":"closed","ping_status":"closed","sticky":false,"template":"","format":"standard","meta":{"footnotes":"","jetpack_publicize_message":"{title}\n\n{excerpt}\n\n{url}","jetpack_publicize_feature_enabled":true,"jetpack_social_post_already_shared":true,"jetpack_social_options":{"image_generator_settings":{"template":"fullscreen","default_image_id":0,"font":"","enabled":false},"version":2},"_wpas_customize_per_network":false},"categories":[33],"tags":[],"class_list":["post-31765","post","type-post","status-publish","format-standard","has-post-thumbnail","hentry","category-actualidad"],"jetpack_publicize_connections":[],"_links":{"self":[{"href":"https:\/\/duraznohoy.com\/index.php?rest_route=\/wp\/v2\/posts\/31765","targetHints":{"allow":["GET"]}}],"collection":[{"href":"https:\/\/duraznohoy.com\/index.php?rest_route=\/wp\/v2\/posts"}],"about":[{"href":"https:\/\/duraznohoy.com\/index.php?rest_route=\/wp\/v2\/types\/post"}],"author":[{"embeddable":true,"href":"https:\/\/duraznohoy.com\/index.php?rest_route=\/wp\/v2\/users\/26"}],"replies":[{"embeddable":true,"href":"https:\/\/duraznohoy.com\/index.php?rest_route=%2Fwp%2Fv2%2Fcomments&post=31765"}],"version-history":[{"count":0,"href":"https:\/\/duraznohoy.com\/index.php?rest_route=\/wp\/v2\/posts\/31765\/revisions"}],"wp:featuredmedia":[{"embeddable":true,"href":"https:\/\/duraznohoy.com\/index.php?rest_route=\/wp\/v2\/media\/31766"}],"wp:attachment":[{"href":"https:\/\/duraznohoy.com\/index.php?rest_route=%2Fwp%2Fv2%2Fmedia&parent=31765"}],"wp:term":[{"taxonomy":"category","embeddable":true,"href":"https:\/\/duraznohoy.com\/index.php?rest_route=%2Fwp%2Fv2%2Fcategories&post=31765"},{"taxonomy":"post_tag","embeddable":true,"href":"https:\/\/duraznohoy.com\/index.php?rest_route=%2Fwp%2Fv2%2Ftags&post=31765"}],"curies":[{"name":"wp","href":"https:\/\/api.w.org\/{rel}","templated":true}]}}