{"id":31771,"date":"2022-05-18T10:15:40","date_gmt":"2022-05-18T13:15:40","guid":{"rendered":"http:\/\/duraznohoy.com\/?p=31771"},"modified":"2022-05-18T10:15:40","modified_gmt":"2022-05-18T13:15:40","slug":"cinco-medidas","status":"publish","type":"post","link":"https:\/\/duraznohoy.com\/?p=31771","title":{"rendered":"Cinco medidas."},"content":{"rendered":"<p><strong><img loading=\"lazy\" decoding=\"async\" class=\"size-medium wp-image-31773 alignright\" src=\"https:\/\/duraznohoy.com\/wp-content\/uploads\/2022\/05\/ANUNCIO-6-300x200.jpeg\" alt=\"\" width=\"300\" height=\"200\" srcset=\"https:\/\/duraznohoy.com\/wp-content\/uploads\/2022\/05\/ANUNCIO-6-300x200.jpeg 300w, https:\/\/duraznohoy.com\/wp-content\/uploads\/2022\/05\/ANUNCIO-6-768x512.jpeg 768w, https:\/\/duraznohoy.com\/wp-content\/uploads\/2022\/05\/ANUNCIO-6.jpeg 856w\" sizes=\"auto, (max-width: 300px) 100vw, 300px\" \/>El gobierno realiz\u00f3 varios anuncios con la finalidad de que \u201cel dinero en el bolsillo de los uruguayos rinda m\u00e1s\u201d, tal como lo expres\u00f3 la ministra de Econom\u00eda y Finanzas, Azucena Arbeleche, que fue la primera oradora.<\/strong><\/p>\n<p>Arbeleche destac\u00f3 que <strong><em>\u201cla econom\u00eda est\u00e1 creciendo y de la mano del crecimiento se da creaci\u00f3n de puestos de trabajo\u201d y<\/em><\/strong> que las medidas anunciadas <strong><em>\u201cest\u00e1n focalizadas en sectores m\u00e1s vulnerables y sostenidas en el tiempo\u201d<\/em><\/strong>.<\/p>\n<p>Luego dio paso al ministro de Desarrollo Social, Mart\u00edn Lema, quien anunci\u00f3 cinco medidas <strong><em>\u201cque se complementan con un conjunto de medidas que ya se vienen implementando\u201d.<\/em><\/strong> Entonces, enumer\u00f3 el paquete acordado por el Ejecutivo y los cinco partidos de la coalici\u00f3n multicolor.<\/p>\n<p><strong>Lo nuevo.<\/strong><\/p>\n<p>En primer lugar, el <strong><em>\u201caumento de 4 % en las Asignaciones Familiares \u2013 Plan de Equidad, y las tarjetas Uruguay Social\u201d<\/em><\/strong>, que es un aumento estar\u00e1 efectivo en julio, lo que alcanza a 850.000 personas.<\/p>\n<p>En segundo lugar, <em><strong>\u201cse va a congelar el precio del supergas hasta fines de setiembre\u00bb.<\/strong><\/em><\/p>\n<p>En tercer lugar, las recargas de supergas para poblaciones vinculadas al Mides tendr\u00e1n 50 % de descuento a partir de junio. La garrafa de 13 kilos est\u00e1 a $ 823, y desde junio a setiembre podr\u00e1n comprar las recargas a $ 411. \u201c<strong><em>Cuando hablamos de poblaciones vinculadas al Mides (y en esta medida en concreto) son personas que reciben Asignaciones Familiares -Plan de Equidad, que reciben Tarjeta Uruguay Social, que reciben la prestaci\u00f3n de Asistencia a la Vejez, pero tambi\u00e9n que reciben Asignaciones Familiares del BPS hasta el primer escalaf\u00f3n de ingresos; esta medida alcanza el mill\u00f3n de uruguayos\u201d,<\/em><\/strong> expres\u00f3 Lema.<\/p>\n<p>La cuarta medida tiene que ver con un complemento en el trabajo que se viene desarrollando en primera infancia, y es adicional a los US$ 50 millones que se est\u00e1n implementando de diferentes organismos, y tiene que ver con el refuerzo que vamos a dar de junio a setiembre inclusive a 130.000 ni\u00f1os de 0 a 6 a\u00f1os que reciben Asignaciones Familiares \u2013 Plan de Equidad (AFPE) y es un refuerzo de $ 1.500 por ni\u00f1o. <strong><em>\u201cEsta es una medida muy importante, porque cuando decimos que son 130.000 ni\u00f1os los que se van a beneficiar de esta medida estamos hablando del 42 % del total de ni\u00f1os de 0 a 6 a\u00f1os que tiene nuestro pa\u00eds\u201d,<\/em><\/strong> destac\u00f3 el ministro de Desarrollo Social.<\/p>\n<p>La quinta medida es \u201cde car\u00e1cter estructural\u201d y se instrumentar\u00e1 a partir del mes de julio. <strong><em>\u201cTiene que ver con una decisi\u00f3n que el gobierno ha tomado de ir hacia el IVA focalizado, hacia el IVA personalizado\u201d,<\/em><\/strong> dijo Lema, quien explic\u00f3 que <strong><em>\u201cse instrumentar\u00e1 a trav\u00e9s de la habilitaci\u00f3n del cobro de AFPE a trav\u00e9s de la plataforma TuApp, es decir a trav\u00e9s del celular\u201d, <\/em><\/strong>dijo el ministro y levant\u00f3 su tel\u00e9fono, y luego agreg\u00f3: <strong><em>\u201cQuienes hagan uso de esta herramienta y cobren AFPE a trav\u00e9s de la aplicaci\u00f3n TuApp van a poder acceder a productos con el descuento del IVA\u201d.<\/em><\/strong><\/p>\n<p><strong><em>\u201cPor otro lado y complementando esta acci\u00f3n, los beneficiarios de AFPE que elijan esta v\u00eda de cobro tambi\u00e9n van a poder, de sus ingresos, complementar hasta $ 2.000 por cada beneficiario por mes para volcarlo a la plataforma TuApp, es decir el celular, y en eso tambi\u00e9n van a tener descuento de IVA en productos\u201d<\/em><\/strong>, dijo Lema, quien agreg\u00f3 que esta medida <strong><em>\u201cpermite focalizar en personas que m\u00e1s necesitan descuento de IVA en productos, porque cuando se descuentan un producto con car\u00e1cter general eso afecta tanto al que puede como al que no puede\u201d, mientras que \u201cde esta forma, al medir por ingresos, nos permite focalizar este beneficio y con ello tener un sistema m\u00e1s justo\u201d.<\/em><\/strong><\/p>\n<p>El ministro destac\u00f3 que <strong><em>\u201clas AFPE se determinan cuando se est\u00e1 en umbrales de \u00edndices de carencias cr\u00edticas\u201d<\/em><\/strong>.<\/p>\n<p>&nbsp;<\/p>\n<p><iframe loading=\"lazy\" title=\"Anuncios econ\u00f3micos para la poblaci\u00f3n m\u00e1s vulnerable\" width=\"640\" height=\"360\" src=\"https:\/\/www.youtube.com\/embed\/XLqb2MadcdA?feature=oembed\" frameborder=\"0\" allow=\"accelerometer; autoplay; clipboard-write; encrypted-media; gyroscope; picture-in-picture; web-share\" referrerpolicy=\"strict-origin-when-cross-origin\" allowfullscreen><\/iframe><\/p>\n","protected":false},"excerpt":{"rendered":"<p>El gobierno realiz\u00f3 varios anuncios con la finalidad de que \u201cel dinero en el bolsillo&#8230;<\/p>\n","protected":false},"author":2,"featured_media":31772,"comment_status":"closed","ping_status":"closed","sticky":false,"template":"","format":"standard","meta":{"footnotes":"","jetpack_publicize_message":"{title}\n\n{excerpt}\n\n{url}","jetpack_publicize_feature_enabled":true,"jetpack_social_post_already_shared":true,"jetpack_social_options":{"image_generator_settings":{"template":"fullscreen","default_image_id":0,"font":"","enabled":false},"version":2},"_wpas_customize_per_network":false},"categories":[3],"tags":[],"class_list":["post-31771","post","type-post","status-publish","format-standard","has-post-thumbnail","hentry","category-nacionales"],"jetpack_publicize_connections":[],"_links":{"self":[{"href":"https:\/\/duraznohoy.com\/index.php?rest_route=\/wp\/v2\/posts\/31771","targetHints":{"allow":["GET"]}}],"collection":[{"href":"https:\/\/duraznohoy.com\/index.php?rest_route=\/wp\/v2\/posts"}],"about":[{"href":"https:\/\/duraznohoy.com\/index.php?rest_route=\/wp\/v2\/types\/post"}],"author":[{"embeddable":true,"href":"https:\/\/duraznohoy.com\/index.php?rest_route=\/wp\/v2\/users\/2"}],"replies":[{"embeddable":true,"href":"https:\/\/duraznohoy.com\/index.php?rest_route=%2Fwp%2Fv2%2Fcomments&post=31771"}],"version-history":[{"count":0,"href":"https:\/\/duraznohoy.com\/index.php?rest_route=\/wp\/v2\/posts\/31771\/revisions"}],"wp:featuredmedia":[{"embeddable":true,"href":"https:\/\/duraznohoy.com\/index.php?rest_route=\/wp\/v2\/media\/31772"}],"wp:attachment":[{"href":"https:\/\/duraznohoy.com\/index.php?rest_route=%2Fwp%2Fv2%2Fmedia&parent=31771"}],"wp:term":[{"taxonomy":"category","embeddable":true,"href":"https:\/\/duraznohoy.com\/index.php?rest_route=%2Fwp%2Fv2%2Fcategories&post=31771"},{"taxonomy":"post_tag","embeddable":true,"href":"https:\/\/duraznohoy.com\/index.php?rest_route=%2Fwp%2Fv2%2Ftags&post=31771"}],"curies":[{"name":"wp","href":"https:\/\/api.w.org\/{rel}","templated":true}]}}