{"id":31775,"date":"2022-05-18T12:13:39","date_gmt":"2022-05-18T15:13:39","guid":{"rendered":"http:\/\/duraznohoy.com\/?p=31775"},"modified":"2022-05-18T12:13:39","modified_gmt":"2022-05-18T15:13:39","slug":"las-piedras-en-el-recuerdo","status":"publish","type":"post","link":"https:\/\/duraznohoy.com\/?p=31775","title":{"rendered":"Las Piedras en el recuerdo."},"content":{"rendered":"<p><strong><img loading=\"lazy\" decoding=\"async\" class=\" wp-image-31781 alignright\" src=\"https:\/\/duraznohoy.com\/wp-content\/uploads\/2022\/05\/18-22-F-300x200.jpg\" alt=\"\" width=\"282\" height=\"188\" srcset=\"https:\/\/duraznohoy.com\/wp-content\/uploads\/2022\/05\/18-22-F-300x200.jpg 300w, https:\/\/duraznohoy.com\/wp-content\/uploads\/2022\/05\/18-22-F-1024x683.jpg 1024w, https:\/\/duraznohoy.com\/wp-content\/uploads\/2022\/05\/18-22-F-768x512.jpg 768w, https:\/\/duraznohoy.com\/wp-content\/uploads\/2022\/05\/18-22-F-1536x1024.jpg 1536w, https:\/\/duraznohoy.com\/wp-content\/uploads\/2022\/05\/18-22-F-2048x1365.jpg 2048w\" sizes=\"auto, (max-width: 282px) 100vw, 282px\" \/>Se cumplieron esta Ma\u00f1ana los actos conmemorativos de los 211 A\u00f1os de la Batalla de las Piedras y del \u201cD\u00eda del bautismo del Ej\u00e9rcito Nacional\u201d.<\/strong><\/p>\n<p>La actividad se desarroll\u00f3 desde la hora 11.00 en Plaza Artigas.<\/p>\n<p>Tras el Himno Nacional, la parte oratoria estuvo a cargo del alumno de 6\u00ba a\u00f1o de la Escuela N\u00ba85 \u00abJulio Mart\u00ednez Oyanguren\u00bb, <strong>Luis<\/strong><\/p>\n<figure id=\"attachment_31776\" aria-describedby=\"caption-attachment-31776\" style=\"width: 268px\" class=\"wp-caption alignleft\"><img loading=\"lazy\" decoding=\"async\" class=\" wp-image-31776\" src=\"https:\/\/duraznohoy.com\/wp-content\/uploads\/2022\/05\/18-22-A-300x245.jpg\" alt=\"\" width=\"268\" height=\"219\" srcset=\"https:\/\/duraznohoy.com\/wp-content\/uploads\/2022\/05\/18-22-A-300x245.jpg 300w, https:\/\/duraznohoy.com\/wp-content\/uploads\/2022\/05\/18-22-A-1024x835.jpg 1024w, https:\/\/duraznohoy.com\/wp-content\/uploads\/2022\/05\/18-22-A-768x627.jpg 768w, https:\/\/duraznohoy.com\/wp-content\/uploads\/2022\/05\/18-22-A-1536x1253.jpg 1536w, https:\/\/duraznohoy.com\/wp-content\/uploads\/2022\/05\/18-22-A-2048x1671.jpg 2048w\" sizes=\"auto, (max-width: 268px) 100vw, 268px\" \/><figcaption id=\"caption-attachment-31776\" class=\"wp-caption-text\"><em><strong>Tte. Cnel. Luis Batista<\/strong><\/em><\/figcaption><\/figure>\n<p><strong>Benjamin Quijano y <\/strong>del <strong>Tte. Cnel. Luis Batista<\/strong>, segundo jefe de la Brigada de Infanter\u00eda 5.<\/p>\n<p>De inmediato, las autoridades presentes procedieron a la colocaci\u00f3n de una ofrenda floral al pie del Monumento al Pr\u00f3cer y tras el toque de silencio se registr\u00f3 un sobrevuelo de aeronaves de la Brigada A\u00e9rea II.<\/p>\n<p><img loading=\"lazy\" decoding=\"async\" class=\" wp-image-31777 alignright\" src=\"https:\/\/duraznohoy.com\/wp-content\/uploads\/2022\/05\/18-22-B-300x441.jpg\" alt=\"\" width=\"169\" height=\"248\" srcset=\"https:\/\/duraznohoy.com\/wp-content\/uploads\/2022\/05\/18-22-B-300x441.jpg 300w, https:\/\/duraznohoy.com\/wp-content\/uploads\/2022\/05\/18-22-B-696x1024.jpg 696w, https:\/\/duraznohoy.com\/wp-content\/uploads\/2022\/05\/18-22-B-768x1130.jpg 768w, https:\/\/duraznohoy.com\/wp-content\/uploads\/2022\/05\/18-22-B-1044x1536.jpg 1044w, https:\/\/duraznohoy.com\/wp-content\/uploads\/2022\/05\/18-22-B-1392x2048.jpg 1392w, https:\/\/duraznohoy.com\/wp-content\/uploads\/2022\/05\/18-22-B-1024x1507.jpg 1024w, https:\/\/duraznohoy.com\/wp-content\/uploads\/2022\/05\/18-22-B-scaled.jpg 1740w\" sizes=\"auto, (max-width: 169px) 100vw, 169px\" \/>El acto culmin\u00f3 con la actuaci\u00f3n del grupo de Danzas <strong>Primero Oriental<\/strong> interpretando \u00bb Huella de Artigas\u00bb de Alfredo Zitarrosa y \u00abMi gato mont\u00e9s\u00bb de Amalia de la Vega.<\/p>\n<p>&nbsp;<\/p>\n<p><img loading=\"lazy\" decoding=\"async\" class=\"size-medium wp-image-31780 aligncenter\" src=\"https:\/\/duraznohoy.com\/wp-content\/uploads\/2022\/05\/18-22-E-300x176.jpg\" alt=\"\" width=\"300\" height=\"176\" srcset=\"https:\/\/duraznohoy.com\/wp-content\/uploads\/2022\/05\/18-22-E-300x176.jpg 300w, https:\/\/duraznohoy.com\/wp-content\/uploads\/2022\/05\/18-22-E-1024x600.jpg 1024w, https:\/\/duraznohoy.com\/wp-content\/uploads\/2022\/05\/18-22-E-768x450.jpg 768w, https:\/\/duraznohoy.com\/wp-content\/uploads\/2022\/05\/18-22-E-1536x900.jpg 1536w, https:\/\/duraznohoy.com\/wp-content\/uploads\/2022\/05\/18-22-E-2048x1200.jpg 2048w\" sizes=\"auto, (max-width: 300px) 100vw, 300px\" \/> <img loading=\"lazy\" decoding=\"async\" class=\"size-medium wp-image-31779 aligncenter\" src=\"https:\/\/duraznohoy.com\/wp-content\/uploads\/2022\/05\/18-22-D-300x155.jpg\" alt=\"\" width=\"300\" height=\"155\" srcset=\"https:\/\/duraznohoy.com\/wp-content\/uploads\/2022\/05\/18-22-D-300x155.jpg 300w, https:\/\/duraznohoy.com\/wp-content\/uploads\/2022\/05\/18-22-D-1024x530.jpg 1024w, https:\/\/duraznohoy.com\/wp-content\/uploads\/2022\/05\/18-22-D-768x397.jpg 768w, https:\/\/duraznohoy.com\/wp-content\/uploads\/2022\/05\/18-22-D-1536x794.jpg 1536w, https:\/\/duraznohoy.com\/wp-content\/uploads\/2022\/05\/18-22-D-2048x1059.jpg 2048w\" sizes=\"auto, (max-width: 300px) 100vw, 300px\" \/><\/p>\n","protected":false},"excerpt":{"rendered":"<p>Se cumplieron esta Ma\u00f1ana los actos conmemorativos de los 211 A\u00f1os de la Batalla de&#8230;<\/p>\n","protected":false},"author":2,"featured_media":31778,"comment_status":"closed","ping_status":"closed","sticky":false,"template":"","format":"standard","meta":{"footnotes":"","jetpack_publicize_message":"{title}\n\n{excerpt}\n\n{url}","jetpack_publicize_feature_enabled":true,"jetpack_social_post_already_shared":true,"jetpack_social_options":{"image_generator_settings":{"template":"fullscreen","default_image_id":0,"font":"","enabled":false},"version":2},"_wpas_customize_per_network":false},"categories":[33],"tags":[],"class_list":["post-31775","post","type-post","status-publish","format-standard","has-post-thumbnail","hentry","category-actualidad"],"jetpack_publicize_connections":[],"_links":{"self":[{"href":"https:\/\/duraznohoy.com\/index.php?rest_route=\/wp\/v2\/posts\/31775","targetHints":{"allow":["GET"]}}],"collection":[{"href":"https:\/\/duraznohoy.com\/index.php?rest_route=\/wp\/v2\/posts"}],"about":[{"href":"https:\/\/duraznohoy.com\/index.php?rest_route=\/wp\/v2\/types\/post"}],"author":[{"embeddable":true,"href":"https:\/\/duraznohoy.com\/index.php?rest_route=\/wp\/v2\/users\/2"}],"replies":[{"embeddable":true,"href":"https:\/\/duraznohoy.com\/index.php?rest_route=%2Fwp%2Fv2%2Fcomments&post=31775"}],"version-history":[{"count":0,"href":"https:\/\/duraznohoy.com\/index.php?rest_route=\/wp\/v2\/posts\/31775\/revisions"}],"wp:featuredmedia":[{"embeddable":true,"href":"https:\/\/duraznohoy.com\/index.php?rest_route=\/wp\/v2\/media\/31778"}],"wp:attachment":[{"href":"https:\/\/duraznohoy.com\/index.php?rest_route=%2Fwp%2Fv2%2Fmedia&parent=31775"}],"wp:term":[{"taxonomy":"category","embeddable":true,"href":"https:\/\/duraznohoy.com\/index.php?rest_route=%2Fwp%2Fv2%2Fcategories&post=31775"},{"taxonomy":"post_tag","embeddable":true,"href":"https:\/\/duraznohoy.com\/index.php?rest_route=%2Fwp%2Fv2%2Ftags&post=31775"}],"curies":[{"name":"wp","href":"https:\/\/api.w.org\/{rel}","templated":true}]}}