{"id":32284,"date":"2022-06-02T17:04:59","date_gmt":"2022-06-02T20:04:59","guid":{"rendered":"http:\/\/duraznohoy.com\/?p=32284"},"modified":"2022-06-02T17:04:59","modified_gmt":"2022-06-02T20:04:59","slug":"varias-actividades-planifica-redam","status":"publish","type":"post","link":"https:\/\/duraznohoy.com\/?p=32284","title":{"rendered":"Varias actividades planifica REDAM."},"content":{"rendered":"<p><strong>Este jueves en la Asociaci\u00f3n de Maestros Jubilados se reuni\u00f3 REDAM DURAZNO con la coordinaci\u00f3n de nuestra Referente Territorial Lic. Gimena Vi\u00f1oles. <\/strong><\/p>\n<p>La reuni\u00f3n tuvo car\u00e1cter semipresencial con la participaci\u00f3n de otros integrantes de la Red v\u00eda Zoom.<\/p>\n<p>Seg\u00fan lo informado por la colega, Mtra, Blanca Estela Castro <strong><em>\u201cPara este mes de junio, en el marco de la lucha contra el abuso y maltrato a las personas mayores se planifica una charla a cargo de la Lic.Vi\u00f1oles en Asociaci\u00f3n de Jubilados y Pensionistas de Durazno y otra en la filial de Carmen; jornada Persona Mayor \u201cEdil por un d\u00eda\u201d en la Junta Departamental; iluminaci\u00f3n alusiva en la Junta Departamental; entrega de abrigos y otros insumos por parte del grupo Corazones Solidarios de Uni 3 y a terminar de coordinar, \u00a0iluminaci\u00f3n de letras de Blanquillo en esa localidad y actividades en Cib Plaza 1\u201d.<\/em><\/strong><\/p>\n","protected":false},"excerpt":{"rendered":"<p>Este jueves en la Asociaci\u00f3n de Maestros Jubilados se reuni\u00f3 REDAM DURAZNO con la coordinaci\u00f3n&#8230;<\/p>\n","protected":false},"author":2,"featured_media":32285,"comment_status":"closed","ping_status":"closed","sticky":false,"template":"","format":"standard","meta":{"footnotes":"","jetpack_publicize_message":"{title}\n\n{excerpt}\n\n{url}","jetpack_publicize_feature_enabled":true,"jetpack_social_post_already_shared":true,"jetpack_social_options":{"image_generator_settings":{"template":"fullscreen","default_image_id":0,"font":"","enabled":false},"version":2},"_wpas_customize_per_network":false},"categories":[83],"tags":[],"class_list":["post-32284","post","type-post","status-publish","format-standard","has-post-thumbnail","hentry","category-adulto-mayor"],"jetpack_publicize_connections":[],"_links":{"self":[{"href":"https:\/\/duraznohoy.com\/index.php?rest_route=\/wp\/v2\/posts\/32284","targetHints":{"allow":["GET"]}}],"collection":[{"href":"https:\/\/duraznohoy.com\/index.php?rest_route=\/wp\/v2\/posts"}],"about":[{"href":"https:\/\/duraznohoy.com\/index.php?rest_route=\/wp\/v2\/types\/post"}],"author":[{"embeddable":true,"href":"https:\/\/duraznohoy.com\/index.php?rest_route=\/wp\/v2\/users\/2"}],"replies":[{"embeddable":true,"href":"https:\/\/duraznohoy.com\/index.php?rest_route=%2Fwp%2Fv2%2Fcomments&post=32284"}],"version-history":[{"count":0,"href":"https:\/\/duraznohoy.com\/index.php?rest_route=\/wp\/v2\/posts\/32284\/revisions"}],"wp:featuredmedia":[{"embeddable":true,"href":"https:\/\/duraznohoy.com\/index.php?rest_route=\/wp\/v2\/media\/32285"}],"wp:attachment":[{"href":"https:\/\/duraznohoy.com\/index.php?rest_route=%2Fwp%2Fv2%2Fmedia&parent=32284"}],"wp:term":[{"taxonomy":"category","embeddable":true,"href":"https:\/\/duraznohoy.com\/index.php?rest_route=%2Fwp%2Fv2%2Fcategories&post=32284"},{"taxonomy":"post_tag","embeddable":true,"href":"https:\/\/duraznohoy.com\/index.php?rest_route=%2Fwp%2Fv2%2Ftags&post=32284"}],"curies":[{"name":"wp","href":"https:\/\/api.w.org\/{rel}","templated":true}]}}